{"id":246520,"date":"2025-07-13T05:59:11","date_gmt":"2025-07-13T05:59:11","guid":{"rendered":"https:\/\/www.europesays.com\/fr\/246520\/"},"modified":"2025-07-13T05:59:11","modified_gmt":"2025-07-13T05:59:11","slug":"la-serie-en-therapie-darte-adaptee-au-theatre-et-on-sait-deja-qui-jouera-le-psy","status":"publish","type":"post","link":"https:\/\/www.europesays.com\/fr\/246520\/","title":{"rendered":"La s\u00e9rie \u00ab\u00a0En th\u00e9rapie\u00a0\u00bb d\u2019Arte adapt\u00e9e au th\u00e9\u00e2tre et on sait d\u00e9j\u00e0 qui jouera le psy"},"content":{"rendered":"<p>        <img decoding=\"async\" loading=\"lazy\" src=\"https:\/\/www.europesays.com\/fr\/wp-content\/uploads\/2025\/07\/d862c9d_1658620158535-620e77c72c0000c857df73c3.jpg\"  width=\"728\" height=\"410\" alt=\"Fr\u00e9d\u00e9ric Pierrot campait la r\u00f4le du psy dans la s\u00e9rie \u00ab\u00a0En th\u00e9rapie\u00a0\u00bb sur Arte. Francis Huster reprendra ce r\u00f4le au th\u00e9\u00e2tre. \"\/>  <\/p>\n<p>Carole Bethuel<\/p>\n<p>Fr\u00e9d\u00e9ric Pierrot campait la r\u00f4le du psy dans la s\u00e9rie \u00ab\u00a0En th\u00e9rapie\u00a0\u00bb sur Arte. Francis Huster reprendra ce r\u00f4le au th\u00e9\u00e2tre. <\/p>\n<p class=\"asset asset-text\">THE\u00c2TRE &#8211; La s\u00e9rie <a href=\"https:\/\/www.huffingtonpost.fr\/culture\/article\/en-therapie-sur-arte-la-serie-des-toledano-nakache-n-a-pas-laisse-ses-acteurs-indemnes_175724.html\" target=\"_blank\" rel=\"noopener\">En th\u00e9rapie, qui avait fait un carton sur Arte <\/a>lors de sa sortie en f\u00e9vrier\u00a02021, va avoir droit \u00e0 son adaptation au th\u00e9\u00e2tre. C\u2019est le com\u00e9dien Francis Huster qui jouera le r\u00f4le du psy, rapporte ce samedi 12\u00a0juillet Le Parisien qui l\u2019a interview\u00e9. Quarante repr\u00e9sentations sont pr\u00e9vues \u00e0 partir du mois de janvier\u00a02026\u00a0au th\u00e9\u00e2tre Antoine dans le Xe arrondissement de Paris.<\/p>\n<p class=\"asset asset-text\">\u00ab<a href=\"https:\/\/www.huffingtonpost.fr\/culture\/article\/dans-en-therapie-melanie-thierry-se-confronte-au-transfert-amoureux-mais_176750.html\" target=\"_blank\" rel=\"noopener\" title=\"Nouvelle fen\u00eatre\">\u00a0J\u2019interpr\u00e8te le psy\u00a0<\/a>et la pi\u00e8ce sera mise en sc\u00e8ne par le jeune acteur Charles Templon\u00a0\u00bb, a-t-il confi\u00e9 au <a href=\"https:\/\/www.leparisien.fr\/culture-loisirs\/tv\/la-serie-en-therapie-bientot-adaptee-au-theatre-avec-francis-huster-dans-le-role-du-psy-12-07-2025-HQSBAP6D6FCN3O5JHNYPARZID4.php?ts=1752329169493\" target=\"_blank\" rel=\"noopener\" title=\"Nouvelle fen\u00eatre\">quotidien<\/a>. Dans la s\u00e9rie Arte d\u2019\u00c9ric Toledano et Olivier Nakache, ce r\u00f4le principal \u00e9tait camp\u00e9 par l\u2019acteur<a href=\"https:\/\/www.huffingtonpost.fr\/culture\/article\/dans-en-therapie-et-sa-saison-2-sur-fond-de-covid-le-silence-vaut-plus-que-les-mots_194508.html\" target=\"_blank\" rel=\"noopener\" title=\"Nouvelle fen\u00eatre\"> Fr\u00e9d\u00e9ric Pierrot dans les deux saisons (la deuxi\u00e8me sortie en 2022)<\/a>.<\/p>\n<p class=\"asset asset-text\">En th\u00e9rapie est une fiction adapt\u00e9e de la s\u00e9rie isra\u00e9lienne Betipul cr\u00e9\u00e9e en 2005 par Hagai Levi. Dans la quinzaine de pays o\u00f9 la s\u00e9rie avait d\u00e9j\u00e0 \u00e9t\u00e9 adapt\u00e9e, le concept aussi singulier qu\u2019original est le m\u00eame\u00a0: chaque \u00e9pisode de 30 minutes met en sc\u00e8ne un psy face \u00e0 l\u2019un de ses patients. Et le 5e jour, c\u2019est le psy qui se rend chez son analyste \u00e0 lui. Pas d\u2019action, pas de casting \u00e0 rallonge\u00a0: les 30 minutes d\u2019\u00e9pisode sont un dialogue entre deux, parfois trois personnes dans une seule et m\u00eame pi\u00e8ce.<\/p>\n<p>    Programme charg\u00e9 pour Francis Huster    <\/p>\n<p class=\"asset asset-text\">En ce qui concerne la pi\u00e8ce, on ne sait pas \u00e0 l\u2019heure actuelle quel format elle prendra, ni qui d\u2019autre fera face au fauteuil du psy.<\/p>\n<p class=\"asset asset-text\">Mais en attendant janvier prochain, si vous voulez voir Francis Huster, vous pourrez regarder l\u2019\u00e9mission de divertissement Murder Party au mus\u00e9e, diffus\u00e9e le 16\u00a0juillet \u00e0 21h10 sur M6. Le com\u00e9dien montera \u00e9galement sur les planches pour Hamlet au festival de Carcassonne, \u00ab\u00a0puis je le reprends ensuite \u00e0 Paris\u00a0\u00bb, pr\u00e9cise-t-il au Parisien. Il sera \u00e9galement sur le tournage de la saison 3\u00a0de Zodiac sur TF1\u00a0en ao\u00fbt.<\/p>\n<p class=\"asset asset-text\">Le com\u00e9dien a un programme bien charg\u00e9 pour la suite \u00e9galement puisqu\u2019il fera la voix d\u2019Alexandre Dumas dans la com\u00e9die musicale La l\u00e9gende de Monte Cristo, mis en sc\u00e8ne par Sergio Postigo, puis il est pr\u00e9vu au casting du prochain film de Claude Lelouch en 2026, \u00ab\u00a0une sorte des\u00a0Uns et les autres 2\u00a0\u00bb, r\u00e9sume-t-il.<\/p>\n","protected":false},"excerpt":{"rendered":"Carole Bethuel Fr\u00e9d\u00e9ric Pierrot campait la r\u00f4le du psy dans la s\u00e9rie \u00ab\u00a0En th\u00e9rapie\u00a0\u00bb sur Arte. Francis Huster&hellip;\n","protected":false},"author":2,"featured_media":246521,"comment_status":"","ping_status":"","sticky":false,"template":"","format":"standard","meta":{"footnotes":""},"categories":[8],"tags":[251,58,59,1011,27,595,1347,5554],"class_list":{"0":"post-246520","1":"post","2":"type-post","3":"status-publish","4":"format-standard","5":"has-post-thumbnail","7":"category-divertissement","8":"tag-culture","9":"tag-divertissement","10":"tag-entertainment","11":"tag-fr","12":"tag-france","13":"tag-serie-tv","14":"tag-theatre","15":"tag-therapie"},"share_on_mastodon":{"url":"https:\/\/pubeurope.com\/@fr\/114844400567588956","error":""},"_links":{"self":[{"href":"https:\/\/www.europesays.com\/fr\/wp-json\/wp\/v2\/posts\/246520","targetHints":{"allow":["GET"]}}],"collection":[{"href":"https:\/\/www.europesays.com\/fr\/wp-json\/wp\/v2\/posts"}],"about":[{"href":"https:\/\/www.europesays.com\/fr\/wp-json\/wp\/v2\/types\/post"}],"author":[{"embeddable":true,"href":"https:\/\/www.europesays.com\/fr\/wp-json\/wp\/v2\/users\/2"}],"replies":[{"embeddable":true,"href":"https:\/\/www.europesays.com\/fr\/wp-json\/wp\/v2\/comments?post=246520"}],"version-history":[{"count":0,"href":"https:\/\/www.europesays.com\/fr\/wp-json\/wp\/v2\/posts\/246520\/revisions"}],"wp:featuredmedia":[{"embeddable":true,"href":"https:\/\/www.europesays.com\/fr\/wp-json\/wp\/v2\/media\/246521"}],"wp:attachment":[{"href":"https:\/\/www.europesays.com\/fr\/wp-json\/wp\/v2\/media?parent=246520"}],"wp:term":[{"taxonomy":"category","embeddable":true,"href":"https:\/\/www.europesays.com\/fr\/wp-json\/wp\/v2\/categories?post=246520"},{"taxonomy":"post_tag","embeddable":true,"href":"https:\/\/www.europesays.com\/fr\/wp-json\/wp\/v2\/tags?post=246520"}],"curies":[{"name":"wp","href":"https:\/\/api.w.org\/{rel}","templated":true}]}}