{"id":246529,"date":"2025-07-13T06:04:23","date_gmt":"2025-07-13T06:04:23","guid":{"rendered":"https:\/\/www.europesays.com\/fr\/246529\/"},"modified":"2025-07-13T06:04:23","modified_gmt":"2025-07-13T06:04:23","slug":"reims-la-petite-fille-de-4-ans-tombee-du-septieme-etage-dun-immeuble-est-decedee","status":"publish","type":"post","link":"https:\/\/www.europesays.com\/fr\/246529\/","title":{"rendered":"Reims\u00a0: la petite fille de 4 ans tomb\u00e9e du septi\u00e8me \u00e9tage d&rsquo;un immeuble est d\u00e9c\u00e9d\u00e9e"},"content":{"rendered":"<p>La petite fille tomb\u00e9e du septi\u00e8me \u00e9tage d&rsquo;un immeuble quartier Wilson \u00e0 Reims est d\u00e9c\u00e9d\u00e9e ce samedi 12 juillet. \u00c2g\u00e9e de 4 ans, la fillette avait \u00e9t\u00e9 prise en charge la veille par les secours, en arr\u00eat cardio-respiratoire. <\/p>\n<p>Elle se trouvait en arr\u00eat cardio-respiratoire lorsqu&rsquo;elle a \u00e9t\u00e9 transport\u00e9e par les secours au centre hospitalier. Une fillette de 4 ans est d\u00e9c\u00e9d\u00e9e dans la matin\u00e9e ce samedi 12 juillet \u00e0 Reims, selon Fran\u00e7ois Schneider, le procureur de la R\u00e9publique de Reims. La veille,\u00a0<a class=\"IciLink ici-link IciArticleLink g-ici-body-regular-1 underline brand svelte-lu7k6w\" href=\"https:\/\/www.francebleu.fr\/infos\/faits-divers-justice\/une-enfant-de-4-ans-entre-la-vie-et-la-mort-apres-une-chute-depuis-le-7eme-etage-d-un-immeuble-a-reims-7569839\" target=\"_blank\" rel=\"noopener\">elle \u00e9tait tomb\u00e9e\u00a0du septi\u00e8me \u00e9tage d&rsquo;un immeuble quartier Wilson<\/a>.<\/p>\n<p>D&rsquo;apr\u00e8s les premiers \u00e9l\u00e9ments de l&rsquo;enqu\u00eate, la m\u00e8re de la fillette \u00e9tait <strong>partie chercher son autre enfant au centre de loisirs<\/strong> au moment des faits. Elle avait alors baiss\u00e9 les volets roulants de l&rsquo;appartement en laissant une ouverture de 30 centim\u00e8tres, ce qui a suffi \u00e0 la petite fille pour se glisser sur le balcon.<\/p>\n<p>Le jour de l&rsquo;accident, vendredi 11 juillet, une enqu\u00eate a \u00e9t\u00e9 ouverte\u00a0en recherche des causes de blessures graves. Aucune poursuite n&rsquo;est pour le moment envisag\u00e9e contre la m\u00e8re de la jeune fille.<\/p>\n<p>\u00c0 lire aussi   <img decoding=\"async\" src=\"https:\/\/www.europesays.com\/fr\/wp-content\/uploads\/2025\/07\/560x315_sc_whatsapp-image-2025-07-11-at-12-33-56.jpg\" alt=\"La petite fille est tomb\u00e9e du 7\u00e8me \u00e9tage\" style=\"--_image-preview:url('data:image\/jpeg;base64,\/9j\/2wBDACgcHiMeGSgjISMtKygwPGRBPDc3PHtYXUlkkYCZlo+AjIqgtObDoKrarYqMyP\/L2u71\/\/\/\/m8H\/\/\/\/6\/+b9\/\/j\/2wBDASstLTw1PHZBQXb4pYyl+Pj4+Pj4+Pj4+Pj4+Pj4+Pj4+Pj4+Pj4+Pj4+Pj4+Pj4+Pj4+Pj4+Pj4+Pj4+Pj4+Pj\/wAARCAAXACoDASIAAhEBAxEB\/8QAFwAAAwEAAAAAAAAAAAAAAAAAAAIDAf\/EABgQAQEBAQEAAAAAAAAAAAAAAAABEgIR\/8QAFgEBAQEAAAAAAAAAAAAAAAAAAAED\/8QAFREBAQAAAAAAAAAAAAAAAAAAABH\/2gAMAwEAAhEDEQA\/AK+stT0zTWszdVLo1pLUVLqE8UpUFtM0AA9ZaABawAH\/2Q==');\" loading=\"lazy\" fetchpriority=\"low\" aria-hidden=\"true\" class=\"svelte-1pnmlwx rounded\" onload=\"this.__e=event\" onerror=\"this.__e=event\"\/><\/p>\n","protected":false},"excerpt":{"rendered":"La petite fille tomb\u00e9e du septi\u00e8me \u00e9tage d&rsquo;un immeuble quartier Wilson \u00e0 Reims est d\u00e9c\u00e9d\u00e9e ce samedi 12&hellip;\n","protected":false},"author":2,"featured_media":246530,"comment_status":"","ping_status":"","sticky":false,"template":"","format":"standard","meta":{"footnotes":""},"categories":[2],"tags":[11,1011,27,12],"class_list":{"0":"post-246529","1":"post","2":"type-post","3":"status-publish","4":"format-standard","5":"has-post-thumbnail","7":"category-actualites","8":"tag-actualites","9":"tag-fr","10":"tag-france","11":"tag-news"},"share_on_mastodon":{"url":"https:\/\/pubeurope.com\/@fr\/114844418908299383","error":""},"_links":{"self":[{"href":"https:\/\/www.europesays.com\/fr\/wp-json\/wp\/v2\/posts\/246529","targetHints":{"allow":["GET"]}}],"collection":[{"href":"https:\/\/www.europesays.com\/fr\/wp-json\/wp\/v2\/posts"}],"about":[{"href":"https:\/\/www.europesays.com\/fr\/wp-json\/wp\/v2\/types\/post"}],"author":[{"embeddable":true,"href":"https:\/\/www.europesays.com\/fr\/wp-json\/wp\/v2\/users\/2"}],"replies":[{"embeddable":true,"href":"https:\/\/www.europesays.com\/fr\/wp-json\/wp\/v2\/comments?post=246529"}],"version-history":[{"count":0,"href":"https:\/\/www.europesays.com\/fr\/wp-json\/wp\/v2\/posts\/246529\/revisions"}],"wp:featuredmedia":[{"embeddable":true,"href":"https:\/\/www.europesays.com\/fr\/wp-json\/wp\/v2\/media\/246530"}],"wp:attachment":[{"href":"https:\/\/www.europesays.com\/fr\/wp-json\/wp\/v2\/media?parent=246529"}],"wp:term":[{"taxonomy":"category","embeddable":true,"href":"https:\/\/www.europesays.com\/fr\/wp-json\/wp\/v2\/categories?post=246529"},{"taxonomy":"post_tag","embeddable":true,"href":"https:\/\/www.europesays.com\/fr\/wp-json\/wp\/v2\/tags?post=246529"}],"curies":[{"name":"wp","href":"https:\/\/api.w.org\/{rel}","templated":true}]}}