{"id":246531,"date":"2025-07-13T06:06:12","date_gmt":"2025-07-13T06:06:12","guid":{"rendered":"https:\/\/www.europesays.com\/fr\/246531\/"},"modified":"2025-07-13T06:06:12","modified_gmt":"2025-07-13T06:06:12","slug":"14-juillet-ou-assister-aux-feux-dartifice-dans-la-loire","status":"publish","type":"post","link":"https:\/\/www.europesays.com\/fr\/246531\/","title":{"rendered":"14 JUILLET : O\u00d9 ASSISTER AUX FEUX D&rsquo;ARTIFICE DANS LA LOIRE ?"},"content":{"rendered":"<p>                <a href=\"https:\/\/cadenceradio.fr\" target=\"_blank\" aria-label=\"Banni\u00e8re Cadence 2025\" rel=\"noopener\"><img loading=\"lazy\" decoding=\"async\" src=\"https:\/\/www.europesays.com\/fr\/wp-content\/uploads\/2025\/07\/Banniere-Cadence-2025-scaled.jpg\" alt=\"\"   width=\"2560\" height=\"738\"\/><\/a><br \/>\nSaint-\u00c9tienne : Le Z\u00e9nith fait son show<\/p>\n<p>La capitale du d\u00e9partement maintient sa tradition avec un spectacle grandiose programm\u00e9 au Z\u00e9nith. D\u00e8s 22h30, les spectateurs pourront admirer les gerbes color\u00e9es qui s\u2019\u00e9l\u00e8veront dans la nuit st\u00e9phanoise. Les plus gourmands appr\u00e9cieront la pr\u00e9sence des camions-restaurants qui permettront de patienter tout en se r\u00e9galant.<\/p>\n<p>Roanne : Ambiance seventies au bord de Loire<\/p>\n<p>Les Roannais ont mis\u00e9 sur l\u2019originalit\u00e9 cette ann\u00e9e ! Un spectacle pyrotechnique sur fond musical disco d\u00e9butera \u00e0 22h45 le long des berges de la Loire. L\u2019atmosph\u00e8re r\u00e9tro sera garantie avec des boules \u00e0 facettes qui scintilleront sous les feux d\u2019artifice. La soir\u00e9e se prolongera ensuite avec un bal populaire au kiosque des promenades pour danser jusqu\u2019au bout de la nuit.<\/p>\n<p>Montbrison : Double c\u00e9l\u00e9bration dans le Forez<\/p>\n<p>La ville du Forez conjugue tradition et modernit\u00e9 en c\u00e9l\u00e9brant simultan\u00e9ment la f\u00eate nationale et la Saint-Aubrin, saint patron local. Du 12 au 21 juillet, les festivit\u00e9s battront leur plein avec comme point d\u2019orgue le bouquet final pyrotechnique \u00e0 22h30 depuis le magnifique cadre du Jardin d\u2019Allard.<\/p>\n<p>Saint-Just-Saint-Rambert : Spectacle au fil de l\u2019eau<\/p>\n<p>Les habitants de cette commune double se retrouveront c\u00f4t\u00e9 Saint-Just pour un rendez-vous au bord de Loire \u00e0 22h45. Le spectacle lumineux sera suivi d\u2019un bal festif, tandis que l\u2019apr\u00e8s-midi sera rythm\u00e9 par diverses animations. Attention : le pont Jean Alligier sera interdit \u00e0 la circulation de 21h \u00e0 minuit pour des raisons de s\u00e9curit\u00e9.<\/p>\n<p>Firminy : L\u2019architecture Le Corbusier sublim\u00e9e<\/p>\n<p>Le site embl\u00e9matique de Le Corbusier offrira un \u00e9crin exceptionnel au feu d\u2019artifice de Firminy. Sur le parvis de l\u2019\u00e9glise, d\u00e8s que l\u2019obscurit\u00e9 tombera, les fus\u00e9es illumineront ce lieu charg\u00e9 d\u2019histoire architecturale pour un contraste saisissant entre patrimoine et modernit\u00e9.<\/p>\n<p>La Talaudi\u00e8re : P\u00f4le de la viande, p\u00f4le d\u2019attraction<\/p>\n<p>Le P\u00f4le de la viande se transformera en lieu de festivit\u00e9s d\u00e8s 19h avec animations musicales, stands de restauration et food trucks. \u00c0 22h30, les artificiers prendront le relais pour un spectacle haut en couleur qui ravira petits et grands.<\/p>\n<p>Saint-Chamond : Voyage dans le temps<\/p>\n<p>Petit d\u00e9calage dans le calendrier pour Saint-Chamond qui avancera les festivit\u00e9s au dimanche 13 juillet. Le parc de Novaci\u00e9ries accueillera un concert sp\u00e9cial ann\u00e9es 80 \u00e0 partir de 21h, avant l\u2019apoth\u00e9ose pyrotechnique \u00e0 23h. Restauration et buvette sur place pour une soir\u00e9e compl\u00e8te sous le signe de la nostalgie.<\/p>\n","protected":false},"excerpt":{"rendered":"Saint-\u00c9tienne : Le Z\u00e9nith fait son show La capitale du d\u00e9partement maintient sa tradition avec un spectacle grandiose&hellip;\n","protected":false},"author":2,"featured_media":246532,"comment_status":"","ping_status":"","sticky":false,"template":"","format":"standard","meta":{"footnotes":""},"categories":[9653],"tags":[1111,11,2430,1777,674,10282,1011,27,3367,7357,12,25,9838,9669,4001],"class_list":{"0":"post-246531","1":"post","2":"type-post","3":"status-publish","4":"format-standard","5":"has-post-thumbnail","7":"category-saint-etienne","8":"tag-actu","9":"tag-actualites","10":"tag-auvergne-rhone-alpes","11":"tag-eu","12":"tag-europe","13":"tag-firminy","14":"tag-fr","15":"tag-france","16":"tag-loire","17":"tag-montbrison","18":"tag-news","19":"tag-republique-francaise","20":"tag-roanne","21":"tag-saint-chamond","22":"tag-saint-etienne"},"share_on_mastodon":{"url":"https:\/\/pubeurope.com\/@fr\/114844426908449414","error":""},"_links":{"self":[{"href":"https:\/\/www.europesays.com\/fr\/wp-json\/wp\/v2\/posts\/246531","targetHints":{"allow":["GET"]}}],"collection":[{"href":"https:\/\/www.europesays.com\/fr\/wp-json\/wp\/v2\/posts"}],"about":[{"href":"https:\/\/www.europesays.com\/fr\/wp-json\/wp\/v2\/types\/post"}],"author":[{"embeddable":true,"href":"https:\/\/www.europesays.com\/fr\/wp-json\/wp\/v2\/users\/2"}],"replies":[{"embeddable":true,"href":"https:\/\/www.europesays.com\/fr\/wp-json\/wp\/v2\/comments?post=246531"}],"version-history":[{"count":0,"href":"https:\/\/www.europesays.com\/fr\/wp-json\/wp\/v2\/posts\/246531\/revisions"}],"wp:featuredmedia":[{"embeddable":true,"href":"https:\/\/www.europesays.com\/fr\/wp-json\/wp\/v2\/media\/246532"}],"wp:attachment":[{"href":"https:\/\/www.europesays.com\/fr\/wp-json\/wp\/v2\/media?parent=246531"}],"wp:term":[{"taxonomy":"category","embeddable":true,"href":"https:\/\/www.europesays.com\/fr\/wp-json\/wp\/v2\/categories?post=246531"},{"taxonomy":"post_tag","embeddable":true,"href":"https:\/\/www.europesays.com\/fr\/wp-json\/wp\/v2\/tags?post=246531"}],"curies":[{"name":"wp","href":"https:\/\/api.w.org\/{rel}","templated":true}]}}