{"id":246533,"date":"2025-07-13T06:07:09","date_gmt":"2025-07-13T06:07:09","guid":{"rendered":"https:\/\/www.europesays.com\/fr\/246533\/"},"modified":"2025-07-13T06:07:09","modified_gmt":"2025-07-13T06:07:09","slug":"on-vous-liste-les-magasins-ouverts-a-nancy-et-a-metz","status":"publish","type":"post","link":"https:\/\/www.europesays.com\/fr\/246533\/","title":{"rendered":"on vous liste les magasins ouverts \u00e0 Nancy et \u00e0 Metz"},"content":{"rendered":"<p>            Par<br \/>\n        <strong><br \/>\n            <a href=\"https:\/\/actu.fr\/auteur\/pierre-emile-bouchy-actu-fr\" title=\"Consulter tous les articles de Paul-Emile Bouchy\" rel=\"nofollow noopener\" target=\"_blank\">Paul-Emile Bouchy<\/a><br \/>\n        <\/strong><\/p>\n<p>        Publi\u00e9 le<\/p>\n<p>            13 juil. 2025 \u00e0 7h52        <\/p>\n<p>Alors que le <a href=\"https:\/\/actu.fr\/grand-est\/nancy_54395\/14-juillet-a-nancy-feu-d-artifice-horaires-animations-voici-le-programme-de-ce-week-end_62888398.html\" rel=\"nofollow noopener\" target=\"_blank\">14\u00a0juillet<\/a> tombe cette ann\u00e9e un lundi, certains d\u2019entre vous vont profiter d\u2019un week-end de trois jours.<br \/>Pourtant, des magasins seront tout de m\u00eame ouverts le jour de la <strong>f\u00eate nationale<\/strong> \u00e0 <a href=\"https:\/\/actu.fr\/grand-est\/nancy_54395\" rel=\"nofollow noopener\" target=\"_blank\">Nancy<\/a> et \u00e0 <a href=\"https:\/\/actu.fr\/grand-est\/metz_57463\" rel=\"nofollow noopener\" target=\"_blank\">Metz<\/a>. On vous dresse une liste non exhaustive.<\/p>\n<p>Les magasins ouverts \u00e0 Nancy pour le 14\u00a0juillet<\/p>\n<p class=\" wall-content\">\u00c0 Nancy et ses alentours, les supermarch\u00e9s seront majoritairement ouverts, mais avec des horaires l\u00e9g\u00e8rement modifi\u00e9s\u2009:<\/p>\n<ul class=\" wall-content\">\n<li><a href=\"https:\/\/actu.fr\/tag\/centre-commercial-saint-sebastien\" rel=\"nofollow noopener\" target=\"_blank\">Centre commercial Saint S\u00e9bastien<\/a>, Nancy\u2009: ferm\u00e9.<\/li>\n<li><strong>E.Leclerc<\/strong>, Vand\u0153uvre-l\u00e8s-Nancy\u2009: ouvert de 9h \u00e0 19h.<\/li>\n<li><strong>E.Leclerc<\/strong>, Nancy 2 Rives\u2009: ferm\u00e9.<\/li>\n<li><strong>E.Leclerc<\/strong>, Frouard\u2009: ferm\u00e9.<\/li>\n<li><strong>Auchan<\/strong>, Nancy-Lobau\u2009: ouvert de 9h \u00e0 20h.<\/li>\n<li><strong>Auchan<\/strong>, Tomblaine\u2009: ouvert de 9h \u00e0 20h.<\/li>\n<li><strong>Carrefour<\/strong>, Nancy-Houdemont\u2009: ouvert de 9h \u00e0 19h. (fermeture dimanche 13\u00a0juillet)<\/li>\n<li><strong>Carrefour<\/strong>, Essey-l\u00e8s-Nancy\u2009: ouvert de 9h \u00e0 19h. (fermeture dimanche 13\u00a0juillet)<\/li>\n<li><strong>Carrefour Contact<\/strong>, Nancy Keller\u2009: ouvert de 9h \u00e0 13h.<\/li>\n<li><strong>Carrefour<\/strong> <strong>Contact<\/strong>, Nancy Jeanne d\u2019Arc\u2009: ouvert de 9h \u00e0 13h.<\/li>\n<li><strong>Carrefour<\/strong> <strong>City<\/strong>, Nancy (rue Saint-Nicolas)\u2009: ouvert de 7h \u00e0 22h.<\/li>\n<li><strong>Carrefour<\/strong> <strong>City<\/strong>, Nancy Vieux Gourmet\u2009: ouvert de 9h \u00e0 13h.<\/li>\n<li><strong>Carrefour<\/strong> <strong>City<\/strong>, Nancy Strasbourg\u2009: ouvert de 9h \u00e0 21h.<\/li>\n<li><strong>Carrefour<\/strong> <strong>Express<\/strong>, Nancy St Dizier\u2009: ouvert de 9h \u00e0 13h.<\/li>\n<li><strong>Carrefour Express<\/strong>, Nancy Saint-Epvre\u2009: ouvert de 9h \u00e0 13h.<\/li>\n<li><strong>Carrefour Express<\/strong>, Nancy Jaur\u00e8s\u2009: ouvert de 9h \u00e0 12h45.<\/li>\n<li><strong>Carrefour Express<\/strong>, Nancy Commanderie\u2009: ouvert de 9h \u00e0 21h.<\/li>\n<li><strong>Carrefour Express<\/strong>, Nancy Craffe\u2009: ouvert de 9h \u00e0 13h.<\/li>\n<li><strong>Carrefour Express<\/strong>, Nancy Foch\u2009: ouvert de 8h \u00e0 22h.<\/li>\n<li><strong>Carrefour Express<\/strong>, Nancy L\u00e9opold\u2009: ouvert de 9h \u00e0 20h.<\/li>\n<li><strong>Decathlon<\/strong>, Houdemont\u2009: ouvert de 10h \u00e0 18h30.<\/li>\n<\/ul>\n<p>Les magasins ouverts \u00e0 Metz pour le 14\u00a0juillet<\/p>\n<p class=\" wall-content\">Comme souvent, la grande majorit\u00e9 des magasins sera ferm\u00e9e \u00e0 Metz et ses alentours. Seuls quelques supermarch\u00e9s de proximit\u00e9 ouvriront leurs portes\u2009:<\/p>\n<ul class=\" wall-content\">\n<li><a href=\"https:\/\/actu.fr\/tag\/centre-commercial-muse\" rel=\"nofollow noopener\" target=\"_blank\">Centre commercial Muse<\/a>, Metz\u2009: ferm\u00e9.<\/li>\n<li><a href=\"https:\/\/actu.fr\/tag\/centre-commercial-waves\" rel=\"nofollow noopener\" target=\"_blank\">Centre commercial Waves Actisud<\/a>, Moulins-l\u00e8s-Metz\u2009: ferm\u00e9.<\/li>\n<li><strong>E.Leclerc<\/strong>, Marly\u2009: ferm\u00e9.<\/li>\n<li><strong>Auchan<\/strong>, Metz XXe Corps\u2009: ferm\u00e9.<\/li>\n<li><strong>Auchan<\/strong>, Sem\u00e9court\u2009: ferm\u00e9.<\/li>\n<li><strong>Auchan<\/strong>, Metz-Planti\u00e8res\u2009: ferm\u00e9.<\/li>\n<li><strong>Auchan<\/strong>, Metz-Patrotte\u2009: ferm\u00e9.<\/li>\n<li><strong>Carrefour City<\/strong>, Metz Clercs\u2009: ouvert de 9h \u00e0 13h.<\/li>\n<li><strong>Carrefour City<\/strong>, Metz avenue de Nancy\u2009: ouvert de 9h \u00e0 12h.<\/li>\n<li><strong>Carrefour City<\/strong>, Metz Saint Simplice\u2009: ouvert de 9h \u00e0 13h.<\/li>\n<li><strong>Carrefour<\/strong>, Metz-Technop\u00f4le\u2009: ferm\u00e9.<\/li>\n<li><strong>Carrefour<\/strong>, Moulins-l\u00e8s-Metz\u2009: ferm\u00e9.<\/li>\n<li><strong>Carrefour Express<\/strong>, Metz Arsenal\u2009: ouvert de 9h \u00e0 12h30.<\/li>\n<li><strong>Carrefour Express<\/strong>, Metz Gambetta\u2009: ouvert de 9h \u00e0 13h.<\/li>\n<li><strong>Carrefour Express<\/strong>, Metz Coislin\u2009: ouvert de 8h \u00e0 20h.<\/li>\n<li><strong>Carrefour Express<\/strong>, Metz Robert\u2009: ouvert de 9h \u00e0 21h.<\/li>\n<li><strong>IKEA<\/strong>, La Maxe\u2009: ferm\u00e9.<\/li>\n<li><strong>Decathlon<\/strong>, Metz-Augny\u2009: ferm\u00e9.<\/li>\n<li><strong>Action<\/strong>, Metz-Augny\u2009: ferm\u00e9.<\/li>\n<\/ul>\n<p class=\" wall-content\">N\u00e9anmoins, lundi, les restaurants et les cin\u00e9mas Kinepolis des centres commerciaux Muse et Waves seront ouverts.<\/p>\n<p class=\" wall-content\">Suivez toute l\u2019actualit\u00e9 de vos villes et m\u00e9dias favoris en vous inscrivant \u00e0 <a href=\"https:\/\/moncompte.actu.fr\" title=\"D\u00e9couvez Mon Actu\" rel=\"nofollow noopener\" data-trk=\"{&quot;cta&quot;:{&quot;action&quot;:&quot;https:\\\/\\\/moncompte.actu.fr&quot;,&quot;category&quot;:&quot;mon compte&quot;,&quot;from&quot;:&quot;article footer&quot;,&quot;name&quot;:&quot;Mon actu&quot;,&quot;type&quot;:&quot;cta&quot;}}\" target=\"_blank\">Mon Actu<\/a>.<\/p>\n","protected":false},"excerpt":{"rendered":"Par Paul-Emile Bouchy Publi\u00e9 le 13 juil. 2025 \u00e0 7h52 Alors que le 14\u00a0juillet tombe cette ann\u00e9e un&hellip;\n","protected":false},"author":2,"featured_media":246534,"comment_status":"","ping_status":"","sticky":false,"template":"","format":"standard","meta":{"footnotes":""},"categories":[9635],"tags":[1111,11,215,1777,674,1011,27,775,1702,12,25,104],"class_list":{"0":"post-246533","1":"post","2":"type-post","3":"status-publish","4":"format-standard","5":"has-post-thumbnail","7":"category-nancy","8":"tag-actu","9":"tag-actualites","10":"tag-commerce","11":"tag-eu","12":"tag-europe","13":"tag-fr","14":"tag-france","15":"tag-grand-est","16":"tag-nancy","17":"tag-news","18":"tag-republique-francaise","19":"tag-societe"},"share_on_mastodon":{"url":"https:\/\/pubeurope.com\/@fr\/114844430811146354","error":""},"_links":{"self":[{"href":"https:\/\/www.europesays.com\/fr\/wp-json\/wp\/v2\/posts\/246533","targetHints":{"allow":["GET"]}}],"collection":[{"href":"https:\/\/www.europesays.com\/fr\/wp-json\/wp\/v2\/posts"}],"about":[{"href":"https:\/\/www.europesays.com\/fr\/wp-json\/wp\/v2\/types\/post"}],"author":[{"embeddable":true,"href":"https:\/\/www.europesays.com\/fr\/wp-json\/wp\/v2\/users\/2"}],"replies":[{"embeddable":true,"href":"https:\/\/www.europesays.com\/fr\/wp-json\/wp\/v2\/comments?post=246533"}],"version-history":[{"count":0,"href":"https:\/\/www.europesays.com\/fr\/wp-json\/wp\/v2\/posts\/246533\/revisions"}],"wp:featuredmedia":[{"embeddable":true,"href":"https:\/\/www.europesays.com\/fr\/wp-json\/wp\/v2\/media\/246534"}],"wp:attachment":[{"href":"https:\/\/www.europesays.com\/fr\/wp-json\/wp\/v2\/media?parent=246533"}],"wp:term":[{"taxonomy":"category","embeddable":true,"href":"https:\/\/www.europesays.com\/fr\/wp-json\/wp\/v2\/categories?post=246533"},{"taxonomy":"post_tag","embeddable":true,"href":"https:\/\/www.europesays.com\/fr\/wp-json\/wp\/v2\/tags?post=246533"}],"curies":[{"name":"wp","href":"https:\/\/api.w.org\/{rel}","templated":true}]}}