{"id":246535,"date":"2025-07-13T06:08:25","date_gmt":"2025-07-13T06:08:25","guid":{"rendered":"https:\/\/www.europesays.com\/fr\/246535\/"},"modified":"2025-07-13T06:08:25","modified_gmt":"2025-07-13T06:08:25","slug":"rugby-le-nanceien-paul-mallez-participe-au-sursaut-dorgueil-du-xv-de-france-face-aux-all-blacks","status":"publish","type":"post","link":"https:\/\/www.europesays.com\/fr\/246535\/","title":{"rendered":"Rugby. Le Nanc\u00e9ien Paul Mallez participe au sursaut d\u2019orgueil du XV de France face aux All Blacks"},"content":{"rendered":"<p>Comme il y a une semaine, le Nanc\u00e9ien Paul Mallez affrontait ce samedi la Nouvelle-Z\u00e9lande avec le XV de France, mais cette fois \u00e0 Wellington, dans le cadre de la tourn\u00e9e d\u2019\u00e9t\u00e9. Et <a href=\"https:\/\/www.estrepublicain.fr\/sport\/2025\/07\/05\/tournee-d-ete-un-xv-de-france-remanie-battu-d-un-rien-pour-son-premier-test-en-nouvelle-zelande\" target=\"_blank\" rel=\"noopener\">comme il y a une semaine<\/a> , le pilier du Stade Toulousain pr\u00eat\u00e9 cette saison \u00e0 Provence Rugby en Pro 2, rempla\u00e7ant au coup d\u2019envoi, est entr\u00e9 en jeu en seconde p\u00e9riode.<\/p>\n<p>Mais si les Bleus sont pass\u00e9s <a href=\"https:\/\/www.estrepublicain.fr\/sport\/2025\/07\/05\/paul-mallez-coche-sa-premiere-selection-avec-un-xv-de-france-tout-proche-de-l-exploit-face-aux-all-blacks\" target=\"_blank\" rel=\"noopener\">tout pr\u00e8s de l\u2019exploit le 5\u00a0juillet \u00e0 Dunedin<\/a> (d\u00e9faite 31-27), ils ont <a href=\"https:\/\/www.estrepublicain.fr\/sport\/2025\/07\/12\/le-xv-de-france-balaye-par-les-all-blacks-pour-le-deuxieme-test-match-de-la-tournee\" target=\"_blank\" rel=\"noopener\">pris le bouillon d\u2019entr\u00e9e de jeu au Sky Stadium<\/a>. Men\u00e9s 29-3 \u00e0 la pause, ils ont toutefois nettement relev\u00e9 la t\u00eate dans le deuxi\u00e8me acte, apr\u00e8s la vague de rotations op\u00e9r\u00e9es par le s\u00e9lectionneur Fabien Galthi\u00e9. Parmi lesquelles le remplacement du Montpelli\u00e9rain Baptiste Erdocio par Paul Mallez \u00e0 la 44e minute de jeu. Du \u00ab\u00a0sang neuf\u00a0\u00bb qui a permis aux Bleus de rivaliser avec les Blacks sur cette deuxi\u00e8me mi-temps (14-14), pour\u00a0finalement s\u2019incliner sur le score de 43-17.<\/p>\n<p>Le troisi\u00e8me et dernier match de cette tourn\u00e9e aux antipodes pour Paul Mallez et les Bleus se tiendra samedi\u00a019 \u00e0 Hamilton. Avec l\u2019espoir de mettre fin \u00e0 16 ann\u00e9es de disette pour le XV de France sur le sol n\u00e9o-z\u00e9landais, o\u00f9 les Fran\u00e7ais ne se sont plus impos\u00e9s depuis juin\u00a02009.<\/p>\n","protected":false},"excerpt":{"rendered":"Comme il y a une semaine, le Nanc\u00e9ien Paul Mallez affrontait ce samedi la Nouvelle-Z\u00e9lande avec le XV&hellip;\n","protected":false},"author":2,"featured_media":246536,"comment_status":"","ping_status":"","sticky":false,"template":"","format":"standard","meta":{"footnotes":""},"categories":[9635],"tags":[1111,11,1704,1706,1777,674,107,1701,1011,27,775,1702,1703,12,10422,25,479,517,1700],"class_list":{"0":"post-246535","1":"post","2":"type-post","3":"status-publish","4":"format-standard","5":"has-post-thumbnail","7":"category-nancy","8":"tag-actu","9":"tag-actualites","10":"tag-edition-nancy-et-agglomeration","11":"tag-edition-pont-a-mousson","12":"tag-eu","13":"tag-europe","14":"tag-fil-info","15":"tag-fil-info-sport","16":"tag-fr","17":"tag-france","18":"tag-grand-est","19":"tag-nancy","20":"tag-nancy-ville-54b","21":"tag-news","22":"tag-pont-a-mousson","23":"tag-republique-francaise","24":"tag-rugby","25":"tag-sport","26":"tag-sport-lorrain"},"share_on_mastodon":{"url":"https:\/\/pubeurope.com\/@fr\/114844434766306382","error":""},"_links":{"self":[{"href":"https:\/\/www.europesays.com\/fr\/wp-json\/wp\/v2\/posts\/246535","targetHints":{"allow":["GET"]}}],"collection":[{"href":"https:\/\/www.europesays.com\/fr\/wp-json\/wp\/v2\/posts"}],"about":[{"href":"https:\/\/www.europesays.com\/fr\/wp-json\/wp\/v2\/types\/post"}],"author":[{"embeddable":true,"href":"https:\/\/www.europesays.com\/fr\/wp-json\/wp\/v2\/users\/2"}],"replies":[{"embeddable":true,"href":"https:\/\/www.europesays.com\/fr\/wp-json\/wp\/v2\/comments?post=246535"}],"version-history":[{"count":0,"href":"https:\/\/www.europesays.com\/fr\/wp-json\/wp\/v2\/posts\/246535\/revisions"}],"wp:featuredmedia":[{"embeddable":true,"href":"https:\/\/www.europesays.com\/fr\/wp-json\/wp\/v2\/media\/246536"}],"wp:attachment":[{"href":"https:\/\/www.europesays.com\/fr\/wp-json\/wp\/v2\/media?parent=246535"}],"wp:term":[{"taxonomy":"category","embeddable":true,"href":"https:\/\/www.europesays.com\/fr\/wp-json\/wp\/v2\/categories?post=246535"},{"taxonomy":"post_tag","embeddable":true,"href":"https:\/\/www.europesays.com\/fr\/wp-json\/wp\/v2\/tags?post=246535"}],"curies":[{"name":"wp","href":"https:\/\/api.w.org\/{rel}","templated":true}]}}