{"id":246542,"date":"2025-07-13T06:15:17","date_gmt":"2025-07-13T06:15:17","guid":{"rendered":"https:\/\/www.europesays.com\/fr\/246542\/"},"modified":"2025-07-13T06:15:17","modified_gmt":"2025-07-13T06:15:17","slug":"un-conducteur-sendort-au-volant-et-percute-un-muret","status":"publish","type":"post","link":"https:\/\/www.europesays.com\/fr\/246542\/","title":{"rendered":"un conducteur s\u2019endort au volant et percute un muret"},"content":{"rendered":"<p>\t\t\t\t\t Les secours ont \u00e9t\u00e9 mobilis\u00e9s ce samedi en fin de matin\u00e9e sur la Sud 3 \u00e0 hauteur de Petit-Quevilly, dans le sens Paris vers Rouen. Vers 11 heures, les sapeurs-pompiers \u00e0 bord de deux engins sont intervenus pour porter assistance au conducteur d\u2019un v\u00e9hicule l\u00e9ger, seul impliqu\u00e9 dans un accident de la circulation.<\/p>\n<blockquote class=\"twitter-tweet\">\n<p lang=\"fr\" dir=\"ltr\" xml:lang=\"fr\"><a href=\"https:\/\/twitter.com\/hashtag\/S%C3%A9curit%C3%A9Routi%C3%A8re?src=hash&amp;ref_src=twsrc%5Etfw\" rel=\"nofollow noopener\" target=\"_blank\">#S\u00e9curit\u00e9Routi\u00e8re<\/a> | En fin de matin\u00e9e ce samedi, nos \ud83d\udc6e\u200d\u2640\ufe0f\ud83d\udc6e\u200d\u2642\ufe0f sont intervenus sur la <a href=\"https:\/\/twitter.com\/hashtag\/Sud3?src=hash&amp;ref_src=twsrc%5Etfw\" rel=\"nofollow noopener\" target=\"_blank\">#Sud3<\/a> Paris \u27a1\ufe0f <a href=\"https:\/\/twitter.com\/hashtag\/Rouen?src=hash&amp;ref_src=twsrc%5Etfw\" rel=\"nofollow noopener\" target=\"_blank\">#Rouen<\/a> pour un conducteur qui s\u2019\u00e9tait endormi au volant et avait termin\u00e9 sa nuit\u2026contre le muret<br \/>\ud83d\udc49 Bless\u00e9 l\u00e9ger \ud83d\ude4f<\/p>\n<p>\u27a1\ufe0f Dormez chez vous, pas sur la route<br \/>Restez vigilants au volant <a href=\"https:\/\/t.co\/uWjbxbGYgl\" rel=\"nofollow\">pic.twitter.com\/uWjbxbGYgl<\/a><\/p>\n<p>\u2014 Police nationale 76 (@PoliceNat76) <a href=\"https:\/\/twitter.com\/PoliceNat76\/status\/1943987307943485476?ref_src=twsrc%5Etfw\" rel=\"nofollow noopener\" target=\"_blank\">July 12, 2025<\/a><\/p><\/blockquote>\n<p>Selon les premiers \u00e9l\u00e9ments recueillis sur place par les policiers, le conducteur, un homme \u00e2g\u00e9 de 20 ans, se serait assoupi au volant avant de terminer sa course contre un muret.<\/p>\n<p>Pris en charge par les secours, il a \u00e9t\u00e9 transport\u00e9 en \u00e9tat de blessure l\u00e9g\u00e8re vers le centre hospitalier.<\/p>\n<p>\u00a0\n\t\t\t\t <\/p>\n<p>\t\t\t <script async src=\"https:\/\/platform.twitter.com\/widgets.js\" charset=\"utf-8\"><\/script><\/p>\n","protected":false},"excerpt":{"rendered":"Les secours ont \u00e9t\u00e9 mobilis\u00e9s ce samedi en fin de matin\u00e9e sur la Sud 3 \u00e0 hauteur de&hellip;\n","protected":false},"author":2,"featured_media":246543,"comment_status":"","ping_status":"","sticky":false,"template":"","format":"standard","meta":{"footnotes":""},"categories":[9587],"tags":[1111,11,1777,674,1011,27,1934,12,5161,25,9590,5163],"class_list":{"0":"post-246542","1":"post","2":"type-post","3":"status-publish","4":"format-standard","5":"has-post-thumbnail","7":"category-rouen","8":"tag-actu","9":"tag-actualites","10":"tag-eu","11":"tag-europe","12":"tag-fr","13":"tag-france","14":"tag-infos-locales","15":"tag-news","16":"tag-normandie","17":"tag-republique-francaise","18":"tag-rouen","19":"tag-seine-maritime"},"share_on_mastodon":{"url":"https:\/\/pubeurope.com\/@fr\/114844462109127223","error":""},"_links":{"self":[{"href":"https:\/\/www.europesays.com\/fr\/wp-json\/wp\/v2\/posts\/246542","targetHints":{"allow":["GET"]}}],"collection":[{"href":"https:\/\/www.europesays.com\/fr\/wp-json\/wp\/v2\/posts"}],"about":[{"href":"https:\/\/www.europesays.com\/fr\/wp-json\/wp\/v2\/types\/post"}],"author":[{"embeddable":true,"href":"https:\/\/www.europesays.com\/fr\/wp-json\/wp\/v2\/users\/2"}],"replies":[{"embeddable":true,"href":"https:\/\/www.europesays.com\/fr\/wp-json\/wp\/v2\/comments?post=246542"}],"version-history":[{"count":0,"href":"https:\/\/www.europesays.com\/fr\/wp-json\/wp\/v2\/posts\/246542\/revisions"}],"wp:featuredmedia":[{"embeddable":true,"href":"https:\/\/www.europesays.com\/fr\/wp-json\/wp\/v2\/media\/246543"}],"wp:attachment":[{"href":"https:\/\/www.europesays.com\/fr\/wp-json\/wp\/v2\/media?parent=246542"}],"wp:term":[{"taxonomy":"category","embeddable":true,"href":"https:\/\/www.europesays.com\/fr\/wp-json\/wp\/v2\/categories?post=246542"},{"taxonomy":"post_tag","embeddable":true,"href":"https:\/\/www.europesays.com\/fr\/wp-json\/wp\/v2\/tags?post=246542"}],"curies":[{"name":"wp","href":"https:\/\/api.w.org\/{rel}","templated":true}]}}