{"id":246548,"date":"2025-07-13T06:20:11","date_gmt":"2025-07-13T06:20:11","guid":{"rendered":"https:\/\/www.europesays.com\/fr\/246548\/"},"modified":"2025-07-13T06:20:11","modified_gmt":"2025-07-13T06:20:11","slug":"reconcilier-la-ville-avec-lecologie","status":"publish","type":"post","link":"https:\/\/www.europesays.com\/fr\/246548\/","title":{"rendered":"r\u00e9concilier la ville avec l&rsquo;\u00e9cologie ?"},"content":{"rendered":"<p>La bataille des municipales 2026 est d\u2019ores et d\u00e9j\u00e0 lanc\u00e9e \u00e0 Strasbourg. Cette semaine c\u2019est l\u2019\u00e9quipe de R\u00e9concilier Strasbourg autour de Paul Meyer et Nawel Rafik-Elmrini qui est entr\u00e9e dans la danse, et a profit\u00e9 du contexte estival pour annoncer son programme de rafra\u00eechissement de la ville, glissant au passage un petit tacle \u00e0 la municipalit\u00e9\u2026 \u00e9cologiste en place.<\/p>\n","protected":false},"excerpt":{"rendered":"La bataille des municipales 2026 est d\u2019ores et d\u00e9j\u00e0 lanc\u00e9e \u00e0 Strasbourg. Cette semaine c\u2019est l\u2019\u00e9quipe de R\u00e9concilier&hellip;\n","protected":false},"author":2,"featured_media":246549,"comment_status":"","ping_status":"","sticky":false,"template":"","format":"standard","meta":{"footnotes":""},"categories":[2820],"tags":[1111,11,2880,4188,1777,674,107,1011,27,2798,775,1757,12,316,25,640],"class_list":{"0":"post-246548","1":"post","2":"type-post","3":"status-publish","4":"format-standard","5":"has-post-thumbnail","7":"category-strasbourg","8":"tag-actu","9":"tag-actualites","10":"tag-edition-strasbourg","11":"tag-elections-municipales","12":"tag-eu","13":"tag-europe","14":"tag-fil-info","15":"tag-fr","16":"tag-france","17":"tag-galerie-photo","18":"tag-grand-est","19":"tag-insolite","20":"tag-news","21":"tag-politique","22":"tag-republique-francaise","23":"tag-strasbourg"},"share_on_mastodon":{"url":"https:\/\/pubeurope.com\/@fr\/114844481844596351","error":""},"_links":{"self":[{"href":"https:\/\/www.europesays.com\/fr\/wp-json\/wp\/v2\/posts\/246548","targetHints":{"allow":["GET"]}}],"collection":[{"href":"https:\/\/www.europesays.com\/fr\/wp-json\/wp\/v2\/posts"}],"about":[{"href":"https:\/\/www.europesays.com\/fr\/wp-json\/wp\/v2\/types\/post"}],"author":[{"embeddable":true,"href":"https:\/\/www.europesays.com\/fr\/wp-json\/wp\/v2\/users\/2"}],"replies":[{"embeddable":true,"href":"https:\/\/www.europesays.com\/fr\/wp-json\/wp\/v2\/comments?post=246548"}],"version-history":[{"count":0,"href":"https:\/\/www.europesays.com\/fr\/wp-json\/wp\/v2\/posts\/246548\/revisions"}],"wp:featuredmedia":[{"embeddable":true,"href":"https:\/\/www.europesays.com\/fr\/wp-json\/wp\/v2\/media\/246549"}],"wp:attachment":[{"href":"https:\/\/www.europesays.com\/fr\/wp-json\/wp\/v2\/media?parent=246548"}],"wp:term":[{"taxonomy":"category","embeddable":true,"href":"https:\/\/www.europesays.com\/fr\/wp-json\/wp\/v2\/categories?post=246548"},{"taxonomy":"post_tag","embeddable":true,"href":"https:\/\/www.europesays.com\/fr\/wp-json\/wp\/v2\/tags?post=246548"}],"curies":[{"name":"wp","href":"https:\/\/api.w.org\/{rel}","templated":true}]}}