{"id":246550,"date":"2025-07-13T06:21:10","date_gmt":"2025-07-13T06:21:10","guid":{"rendered":"https:\/\/www.europesays.com\/fr\/246550\/"},"modified":"2025-07-13T06:21:10","modified_gmt":"2025-07-13T06:21:10","slug":"cts-routes-fermees-decouvrez-les-perturbations-de-circulation-en-detail","status":"publish","type":"post","link":"https:\/\/www.europesays.com\/fr\/246550\/","title":{"rendered":"CTS, routes ferm\u00e9es, d\u00e9couvrez les perturbations de circulation en d\u00e9tail"},"content":{"rendered":"<p>            Par<br \/>\n        <strong><br \/>\n            <a href=\"https:\/\/actu.fr\/auteur\/olivia-kouassi\" title=\"Consulter tous les articles de Olivia Kouassi\" target=\"_blank\" rel=\"noopener\">Olivia Kouassi<\/a><br \/>\n        <\/strong><\/p>\n<p>        Publi\u00e9 le<\/p>\n<p>            13 juil. 2025 \u00e0 7h26        <\/p>\n<p>\u00c0<a href=\"https:\/\/actu.fr\/grand-est\/strasbourg_67482\/fete-nationale-du-14-juillet-a-strasbourg-voici-les-horaires-et-le-lieu-du-feu-d-artifice-en-2025_62704976.html\" target=\"_blank\" rel=\"noopener\"> l\u2019occasion des <strong>festivit\u00e9s du 14\u00a0juillet<\/strong><\/a>, qui se tiendront \u00e0 partir de 20h avec un concert au niveau de la place du Mar\u00e9chal de Lattre de Tassigny avant le traditionnel feu d\u2019artifice tir\u00e9 \u00e0 22h30 depuis le parc de l\u2019\u00c9toile, de <strong>nombreuses perturbations<\/strong> sont \u00e0 pr\u00e9voir dans les rues de <a href=\"https:\/\/actu.fr\/strasbourg\/\" target=\"_blank\" rel=\"noopener\">Strasbourg<\/a> (Bas-Rhin).<\/p>\n<p class=\" wall-content\">Afin de permettre la mise en place de l\u2019\u00e9v\u00e9nement, le <strong>stationnement<\/strong> des v\u00e9hicules sera <strong>interdit<\/strong> et qualifi\u00e9 de <strong>g\u00eanant<\/strong> du 14\u00a0juillet \u00e0 1h au 15\u00a0juillet \u00e0 12h place du Mar\u00e9chal de Lattre de Tassigny et du 14\u00a0juillet \u00e0 1h au 15\u00a0juillet \u00e0 14h route de Vienne. L\u2019acc\u00e8s au p\u00e9rim\u00e8tre du parc de l\u2019\u00c9toile sera lui interdit. Les transports en commun seront \u00e9galement impact\u00e9s.<\/p>\n<p>    <img   decoding=\"async\" loading=\"lazy\" src=\"https:\/\/www.europesays.com\/fr\/wp-content\/uploads\/2025\/07\/design-sans-titre-3-2-960x640.jpg\" alt=\"En raison de la tenue du feu d'artifice lundi 14 juillet, la circulation sera perturb\u00e9e dans les rues de Strasbourg.\" width=\"960\" height=\"640\"\/><br \/>\n    En raison de la tenue du feu d\u2019artifice lundi 14\u00a0juillet, la circulation sera perturb\u00e9e dans les rues de Strasbourg. (\u00a9Ville de Strasbourg)De nombreuses perturbations sur le r\u00e9seau de la CTS<\/p>\n<p class=\" wall-content\">Cot\u00e9 CTS, le r\u00e9seau s\u2019adapte en ce jour f\u00e9ri\u00e9.<\/p>\n<p class=\" wall-content\">Pour faciliter les retours, des<strong> renforts seront d\u00e9ploy\u00e9s<\/strong> sur le r\u00e9seau tramway \u00e0 l\u2019issue du feu d\u2019artifice. Entre 20h et minuit, afin de renforcer les connexions entre les lignes de tramway A, C et D une navette est mise en place entre les stations Lyc\u00e9e Couffignal (lignes A et E) et Kibitzenau (ligne C) toutes les 8 minutes.<\/p>\n<p>Vid\u00e9os : en ce moment sur ActuDe nombreuses stations ferm\u00e9es sur la ligne A<\/p>\n<p class=\" wall-content\">Jusqu\u2019\u00e0 20h, le<strong> tram A<\/strong> circulera uniquement entre Illkirch-Graffenstaden et \u00c9toile Polygone. Les stations Homme de Fer, Langstross Grand\u2019Rue, Porte de l\u2019H\u00f4pital et \u00c9toile Bourse<strong> ne seront pas desservies.<\/strong><\/p>\n<p class=\" wall-content\">De 20h \u00e0 23h30 environ, la circulation sera interrompue entre les stations Gare Centrale et Lyc\u00e9e Couffignal \/ Landsberg. Des bus de remplacement prendront le relais entre Gare Centrale et Parc des Sports\/Poteries et les trams circuleront toutes les 12 \u00e0 15\u00a0minutes entre Illkirch-Graffenstaden et \u00c9toile Polygone.<\/p>\n<p>Des perturbations sur la ligne D<\/p>\n<p class=\" wall-content\">Jusqu\u2019\u00e0 <strong>20h<\/strong>\u00a0le <strong>tram D<\/strong> circulera uniquement entre Kehl Rathaus et \u00c9toile Polygone, les stations Homme de Fer, Langstross Grand\u2019Rue, Porte de l\u2019H\u00f4pital et \u00c9toile Bourse ne seront pas desservies.<\/p>\n<p class=\" wall-content\">De <strong>20h \u00e0 23h30<\/strong> environ, la circulation sera interrompue entre les stations Gare Centrale et Lyc\u00e9e Couffignal \/ Landsberg. Des bus de remplacement prendront le relais entre la Gare Centrale et Parc des Sports\/Poteries. Les trams circuleront toutes les 12 \u00e0 15\u00a0minutes environ entre Landsberg et Kehl Rathaus.<\/p>\n<p>    <img   decoding=\"async\" loading=\"lazy\" src=\"https:\/\/www.europesays.com\/fr\/wp-content\/uploads\/2025\/07\/perturbation-cts-14-juillet-960x640.jpg\" alt=\"D\u00e9couvrez en d\u00e9tail les perturbations sur le r\u00e9seau de la CTS \u00e0 l'occasion des festivit\u00e9s du 14 juillet.\" width=\"960\" height=\"640\"\/><br \/>\n    Les lignes A, D et E seront perturb\u00e9es \u00e0 l\u2019occasion des festivit\u00e9s du 14\u00a0juillet. (\u00a9CTS)La circulation interrompue sur une partie de la ligne E<\/p>\n<p class=\" wall-content\">La circulation de la ligne de tram E<strong> sera interrompue<\/strong> entre <strong>Landsberg<\/strong> et <strong>Lyc\u00e9e Couffignal<\/strong>. Ils circuleront toutes les 12 \u00e0 15\u00a0minutes.<\/p>\n<p class=\" wall-content\">Ainsi, les stations Krimmeri Stade de la Meinau, Schluthfeld, \u00c9toile Polygone, \u00c9toile Bourse, Porte de l\u2019H\u00f4pital, Langstross Grand\u2018Rue, Homme de Fer, Ancienne Synagogue les Halles et Gare Centrale ne seront pas desservies.<\/p>\n<p>Interruptions de certaines lignes de bus \u00e0 partir de 19h30<\/p>\n<ul class=\" wall-content\">\n<li><strong>Ligne G<\/strong>\u2009: de 19h30 et \u00e0 la fin de service, la ligne G circulera uniquement entre Rotterdam et Winston Churchill d\u2019une part et entre Lyc\u00e9e Pasteur et Espace Europ\u00e9en de l\u2019Entreprise d\u2019autre part. Elle desservira exceptionnellement l\u2019arr\u00eat Mus\u00e9e d\u2019Art Moderne afin de faire correspondance avec la ligne de tram B.<\/li>\n<li><strong>Ligne C1<\/strong>\u2009: de 19h30 et \u00e0 la fin de service, la ligne C1 sera interrompue entre les arr\u00eats Esplanade et Montagne Verte. Les arr\u00eats Rome, Palerme, Cit\u00e9 Administrative, S\u00e9curit\u00e9 Sociale, Etoile Bourse, H\u00f4tel de Police, H\u00f4pital Civil, Lyc\u00e9e Pasteur, Laiterie Saales et Laiterie ne seront plus desservis.<\/li>\n<li><strong>Ligne C8<\/strong>\u2009: jusqu\u2019\u00e0 19h30 la ligne C8 sera d\u00e9vi\u00e9e par la Route de l\u2019H\u00f4pital. L\u2019arr\u00eat \u00c9toile Bourse ne sera pas desservi. \u00c0 partir de 19h30, la ligne C8 sera interrompue entre les arr\u00eats Pont Saint Nicolas et Kibitzenau. Les arr\u00eats Pont Saint Nicolas, Porte de l\u2019H\u00f4pital, \u00c9toile Bourse, Etoile Polygone, Mulhouse, Neudorf March\u00e9, Lazaret, Gravi\u00e8re Stade de la Meinau et Polygone ne seront plus desservis.<\/li>\n<\/ul>\n<p class=\" wall-content\">Les <strong>lignes de tram B, C et F<\/strong> ne seront pas impact\u00e9es par le dispositif de s\u00e9curit\u00e9 et circuleront normalement.<\/p>\n<p class=\" wall-content\">Suivez toute l\u2019actualit\u00e9 de vos villes et m\u00e9dias favoris en vous inscrivant \u00e0 <a href=\"https:\/\/moncompte.actu.fr\" title=\"D\u00e9couvez Mon Actu\" rel=\"nofollow noopener\" data-trk=\"{&quot;cta&quot;:{&quot;action&quot;:&quot;https:\\\/\\\/moncompte.actu.fr&quot;,&quot;category&quot;:&quot;mon compte&quot;,&quot;from&quot;:&quot;article footer&quot;,&quot;name&quot;:&quot;Mon actu&quot;,&quot;type&quot;:&quot;cta&quot;}}\" target=\"_blank\">Mon Actu<\/a>.<\/p>\n<ul class=\"ac-article-tag wall-content\">\n<li><a href=\"https:\/\/actu.fr\/tag\/compagnie-des-transports-strasbourgeois-cts\" data-trk=\"{&quot;cta&quot;:{&quot;action&quot;:&quot;Compagnie des transports strasbourgeois (CTS)&quot;,&quot;category&quot;:&quot;tag&quot;,&quot;from&quot;:&quot;article footer&quot;,&quot;name&quot;:&quot;Compagnie des transports strasbourgeois (CTS)&quot;,&quot;type&quot;:&quot;cta&quot;}}\" target=\"_blank\" rel=\"noopener\">#Compagnie des transports strasbourgeois (CTS)<\/a><\/li>\n<\/ul>\n","protected":false},"excerpt":{"rendered":"Par Olivia Kouassi Publi\u00e9 le 13 juil. 2025 \u00e0 7h26 \u00c0 l\u2019occasion des festivit\u00e9s du 14\u00a0juillet, qui se&hellip;\n","protected":false},"author":2,"featured_media":246551,"comment_status":"","ping_status":"","sticky":false,"template":"","format":"standard","meta":{"footnotes":""},"categories":[2820],"tags":[1111,11,7344,1777,674,1011,27,775,12,25,104,640],"class_list":{"0":"post-246550","1":"post","2":"type-post","3":"status-publish","4":"format-standard","5":"has-post-thumbnail","7":"category-strasbourg","8":"tag-actu","9":"tag-actualites","10":"tag-compagnie-des-transports-strasbourgeois-cts","11":"tag-eu","12":"tag-europe","13":"tag-fr","14":"tag-france","15":"tag-grand-est","16":"tag-news","17":"tag-republique-francaise","18":"tag-societe","19":"tag-strasbourg"},"share_on_mastodon":{"url":"https:\/\/pubeurope.com\/@fr\/114844485812597757","error":""},"_links":{"self":[{"href":"https:\/\/www.europesays.com\/fr\/wp-json\/wp\/v2\/posts\/246550","targetHints":{"allow":["GET"]}}],"collection":[{"href":"https:\/\/www.europesays.com\/fr\/wp-json\/wp\/v2\/posts"}],"about":[{"href":"https:\/\/www.europesays.com\/fr\/wp-json\/wp\/v2\/types\/post"}],"author":[{"embeddable":true,"href":"https:\/\/www.europesays.com\/fr\/wp-json\/wp\/v2\/users\/2"}],"replies":[{"embeddable":true,"href":"https:\/\/www.europesays.com\/fr\/wp-json\/wp\/v2\/comments?post=246550"}],"version-history":[{"count":0,"href":"https:\/\/www.europesays.com\/fr\/wp-json\/wp\/v2\/posts\/246550\/revisions"}],"wp:featuredmedia":[{"embeddable":true,"href":"https:\/\/www.europesays.com\/fr\/wp-json\/wp\/v2\/media\/246551"}],"wp:attachment":[{"href":"https:\/\/www.europesays.com\/fr\/wp-json\/wp\/v2\/media?parent=246550"}],"wp:term":[{"taxonomy":"category","embeddable":true,"href":"https:\/\/www.europesays.com\/fr\/wp-json\/wp\/v2\/categories?post=246550"},{"taxonomy":"post_tag","embeddable":true,"href":"https:\/\/www.europesays.com\/fr\/wp-json\/wp\/v2\/tags?post=246550"}],"curies":[{"name":"wp","href":"https:\/\/api.w.org\/{rel}","templated":true}]}}