{"id":246556,"date":"2025-07-13T06:25:11","date_gmt":"2025-07-13T06:25:11","guid":{"rendered":"https:\/\/www.europesays.com\/fr\/246556\/"},"modified":"2025-07-13T06:25:11","modified_gmt":"2025-07-13T06:25:11","slug":"ces-vetements-liturgiques-en-preparation-pour-la-reouverture-de-la-cathedrale-de-nantes","status":"publish","type":"post","link":"https:\/\/www.europesays.com\/fr\/246556\/","title":{"rendered":"ces v\u00eatements liturgiques en pr\u00e9paration pour la r\u00e9ouverture de la cath\u00e9drale de Nantes"},"content":{"rendered":"<p><strong>EXCLUSIF &#8211;<\/strong> Comme pour Notre-Dame de Paris, le clerg\u00e9 nantais portera des chasubles imagin\u00e9es pour l\u2019occasion. Les deux artistes en charge de ces tenues ont ouvert les portes de leur atelier au Figaro.<\/p>\n<p class=\"fig-paragraph\">Dans un appartement transform\u00e9 en atelier, des dizaines d\u2019esquisses habillent des murs vieillissants. D\u2019une feuille \u00e0 l\u2019autre, des formes color\u00e9es \u00e9voluent sur des dessins de v\u00eatements liturgiques. C\u2019est ici, \u00e0 deux kilom\u00e8tres du centre-ville de la\u00a0<a href=\"https:\/\/www.lefigaro.fr\/arts-expositions\/a-nantes-un-temple-de-la-curiosite-pour-la-cite-des-ducs-20240517\" target=\"_blank\" data-fig-type=\"Article\" rel=\"noopener\" data-gtm-custom-categorie=\"navigation\" data-gtm-custom-action=\"crossclick\" data-gtm-custom-label=\"Contextuel\" data-gtm-event=\"customEventSPE\" data-fig-domain=\"LEFIGARO\">cit\u00e9 des Ducs<\/a>, que les artistes Tiphaine Blanc et Victoire de Verri\u00e8res con\u00e7oivent les chasubles command\u00e9es par le dioc\u00e8se pour la\u00a0<a href=\"http:\/\/www.lefigaro.fr\/nantes\/cathedrale-de-nantes-apres-son-incendie-en-2020-la-date-de-reouverture-se-precise-20240725\" target=\"_blank\" data-fig-type=\"NewsFlash\" rel=\"noopener\" data-gtm-custom-categorie=\"navigation\" data-gtm-custom-action=\"crossclick\" data-gtm-custom-label=\"Contextuel\" data-gtm-event=\"customEventSPE\" data-fig-domain=\"LEFIGARO\">r\u00e9ouverture de la cath\u00e9drale de Nantes<\/a>. Au programme\u00a0: 23 tenues destin\u00e9es \u00e0 l\u2019\u00e9v\u00eaque, aux conc\u00e9l\u00e9brants et \u00e0 deux diacres.<\/p>\n<p class=\"fig-paragraph\">La condition pour entrer dans cet antre \u00e9tait de garder le secret sur le motif qui sera vu de tous les\u00a0<a href=\"http:\/\/www.lefigaro.fr\/nantes\/fermee-depuis-son-incendie-la-cathedrale-de-nantes-rouvrira-le-29-septembre-2025-20240910\" target=\"_blank\" data-fig-type=\"NewsFlash\" rel=\"noopener\" data-gtm-custom-categorie=\"navigation\" data-gtm-custom-action=\"crossclick\" data-gtm-custom-label=\"Contextuel\" data-gtm-event=\"customEventSPE\" data-fig-domain=\"LEFIGARO\">27 et 28 septembre<\/a>, lors du week-end de festivit\u00e9s marquant le retour des offices et des visites. Si les chasubles multicolores du cr\u00e9ateur\u00a0<a href=\"http:\/\/www.lefigaro.fr\/industrie-mode\/notre-dame-de-paris-change-de-looks-20240619\" target=\"_blank\" data-fig-type=\"Article\" rel=\"noopener\" data-gtm-custom-categorie=\"navigation\" data-gtm-custom-action=\"crossclick\" data-gtm-custom-label=\"Contextuel\" data-gtm-event=\"customEventSPE\" data-fig-domain=\"LEFIGARO\">Jean-Charles de Castelbajac<\/a>\u00a0dessin\u00e9es pour\u00a0<a href=\"http:\/\/www.lefigaro.fr\/industrie-mode\/les-celebrants-de-notre-dame-de-paris-habilles-par-les-artisans-de-la-haute-couture-20241206\" target=\"_blank\" data-fig-type=\"Article\" rel=\"noopener\" data-gtm-custom-categorie=\"navigation\" data-gtm-custom-action=\"crossclick\" data-gtm-custom-label=\"Contextuel\" data-gtm-event=\"customEventSPE\" data-fig-domain=\"LEFIGARO\">l\u2019inauguration de Notre-Dame de Paris<\/a>\u00a0ont \u00e9t\u00e9\u00a0<a href=\"https:\/\/video.lefigaro.fr\/figaro\/video\/non-je-ne-men-fous-pas-jean-charles-de-castelbajac-sur-les-critiques-apres-ses-creations-pour-la-reouverture-de-notre-dame\/\" target=\"_blank\" data-fig-type=\"Video\" rel=\"noopener\" data-gtm-custom-categorie=\"navigation\" data-gtm-custom-action=\"crossclick\" data-gtm-custom-label=\"Contextuel\" data-gtm-event=\"customEventSPE\" data-fig-domain=\"VIDEO\">tr\u00e8s remarqu\u00e9es<\/a>, celles de Nantes, non moins belles, seront en revanche plus sobres. \u00abIls avaient peur de la pol\u00e9mique\u00a0<a href=\"http:\/\/www.lefigaro.fr\/culture\/qui-est-jean-charles-de-castelbajac-dessinateur-des-vetements-liturgiques-pour-la-reouverture-de-notre-dame-20241206\" target=\"_blank\" data-fig-type=\"Article\" rel=\"noopener\" data-gtm-custom-categorie=\"navigation\" data-gtm-custom-action=\"crossclick\" data-gtm-custom-label=\"Contextuel\" data-gtm-event=\"customEventSPE\" data-fig-domain=\"LEFIGARO\">Castelbajac<\/a> \u00a0et ne voulaient pas que \u00e7a soit\u2026<\/p>\n<p class=\"fig-premium-paywall__infos\">\n        Cet article est r\u00e9serv\u00e9 aux abonn\u00e9s.        Il vous reste 78% \u00e0 d\u00e9couvrir.\n    <\/p>\n<p>                <img  data- alt=\"Le Figaro\" class=\"fig-img--complete fig-img\"\/><\/p>\n<p class=\"fig-premium-paywall__title\">Vous avez envie de lire la suite ?<\/p>\n<p class=\"fig-premium-paywall__subtitle\">D\u00e9bloquez tous les articles imm\u00e9diatement.<\/p>\n<p class=\"fig-premium-paywall__connect\">\n                D\u00e9j\u00e0 abonn\u00e9\u00a0?                <a class=\"fig-premium-paywall__connect-link\" href=\"https:\/\/connect.lefigaro.fr\/login?client=horizon_web&amp;type=main&amp;redirect_uri=https%3A%2F%2Fwww.lefigaro.fr%2Fnantes%2Fdes-ornements-qui-pourront-resservir-ces-vetements-liturgiques-en-preparation-pour-la-reouverture-de-la-cathedrale-de-nantes-20250713\" data-js-gtm=\"{&quot;customCategorie&quot;: &quot;conversion&quot;, &quot;customAction&quot;: &quot;before_Landing_Connexion_paywall_auto&quot;, &quot;customLabel&quot;: &quot;bGVmaWdhcm8uZnJfXzFmMDVjYTUxLTAzMTAtNjkzMC1hYjQ5LTQ3NWI3MzZjZTZiOV9fTmV3c0ZsYXNo_\u00abDes ornements qui pourront resservir\u00bb\u00a0: ces v\u00eatements liturgiques en pr\u00e9paration pour la r\u00e9ouverture de la cath\u00e9drale de Nantes_492&quot;, &quot;customIDSPE&quot;: &quot;bGVmaWdhcm8uZnJfXzFmMDVjYTUxLTAzMTAtNjkzMC1hYjQ5LTQ3NWI3MzZjZTZiOV9fTmV3c0ZsYXNo&quot;, &quot;event&quot;: &quot;customEventSPE&quot;}\" target=\"_blank\" rel=\"noopener\"><br \/>\n                    Connectez-vous<br \/>\n                <\/a>\n            <\/p>\n","protected":false},"excerpt":{"rendered":"EXCLUSIF &#8211; Comme pour Notre-Dame de Paris, le clerg\u00e9 nantais portera des chasubles imagin\u00e9es pour l\u2019occasion. Les deux&hellip;\n","protected":false},"author":2,"featured_media":246557,"comment_status":"","ping_status":"","sticky":false,"template":"","format":"standard","meta":{"footnotes":""},"categories":[2818],"tags":[1111,11,13601,1777,674,1011,27,766,12,2636,13979,25],"class_list":{"0":"post-246556","1":"post","2":"type-post","3":"status-publish","4":"format-standard","5":"has-post-thumbnail","7":"category-nantes","8":"tag-actu","9":"tag-actualites","10":"tag-cathedrale","11":"tag-eu","12":"tag-europe","13":"tag-fr","14":"tag-france","15":"tag-nantes","16":"tag-news","17":"tag-pays-de-la-loire","18":"tag-reouverture","19":"tag-republique-francaise"},"share_on_mastodon":{"url":"https:\/\/pubeurope.com\/@fr\/114844501569521569","error":""},"_links":{"self":[{"href":"https:\/\/www.europesays.com\/fr\/wp-json\/wp\/v2\/posts\/246556","targetHints":{"allow":["GET"]}}],"collection":[{"href":"https:\/\/www.europesays.com\/fr\/wp-json\/wp\/v2\/posts"}],"about":[{"href":"https:\/\/www.europesays.com\/fr\/wp-json\/wp\/v2\/types\/post"}],"author":[{"embeddable":true,"href":"https:\/\/www.europesays.com\/fr\/wp-json\/wp\/v2\/users\/2"}],"replies":[{"embeddable":true,"href":"https:\/\/www.europesays.com\/fr\/wp-json\/wp\/v2\/comments?post=246556"}],"version-history":[{"count":0,"href":"https:\/\/www.europesays.com\/fr\/wp-json\/wp\/v2\/posts\/246556\/revisions"}],"wp:featuredmedia":[{"embeddable":true,"href":"https:\/\/www.europesays.com\/fr\/wp-json\/wp\/v2\/media\/246557"}],"wp:attachment":[{"href":"https:\/\/www.europesays.com\/fr\/wp-json\/wp\/v2\/media?parent=246556"}],"wp:term":[{"taxonomy":"category","embeddable":true,"href":"https:\/\/www.europesays.com\/fr\/wp-json\/wp\/v2\/categories?post=246556"},{"taxonomy":"post_tag","embeddable":true,"href":"https:\/\/www.europesays.com\/fr\/wp-json\/wp\/v2\/tags?post=246556"}],"curies":[{"name":"wp","href":"https:\/\/api.w.org\/{rel}","templated":true}]}}