{"id":246560,"date":"2025-07-13T06:27:11","date_gmt":"2025-07-13T06:27:11","guid":{"rendered":"https:\/\/www.europesays.com\/fr\/246560\/"},"modified":"2025-07-13T06:27:11","modified_gmt":"2025-07-13T06:27:11","slug":"corentin-michel-ex-girondins-si-bordeaux-mappelle-la-porte-est-grande-ouverte","status":"publish","type":"post","link":"https:\/\/www.europesays.com\/fr\/246560\/","title":{"rendered":"Corentin Michel (ex-Girondins) : \u00ab\u00a0Si Bordeaux m&rsquo;appelle, la porte est grande ouverte\u00a0\u00bb"},"content":{"rendered":"<p><img decoding=\"async\" src=\"https:\/\/www.europesays.com\/fr\/wp-content\/uploads\/2025\/07\/671_552c45964af291123963694d010d73ff.png\" alt=\"Corentin Michel (ex-Girondins) : &quot;Si Bordeaux m'appelle, la porte est grande ouverte&quot;\" class=\"img-responsive mt-3\"\/><\/p>\n<p class=\"text-center mb-3\" style=\"font-size: 14px\">\u00a9 Iconsport<\/p>\n<p style=\"text-align: justify;\"><strong>WebGirondins : Corentin, que deviens-tu depuis ton d\u00e9part des Girondins en 2021 ?<\/strong><\/p>\n<p style=\"text-align: justify;\">Corentin Michel : J\u2019ai jou\u00e9 6 mois avec le FC Libourne en National 3, puis j\u2019ai sign\u00e9 un mois \u00e0 Bergerac, et j\u2019ai int\u00e9gr\u00e9 en octobre 2022 l\u2019ESTAC qui \u00e9tait en Ligue 2. J&rsquo;ai pass\u00e9 trois saisons dans l&rsquo;Aube. Apr\u00e8s une premi\u00e8re saison d\u2019adaptation, j\u2019ai sign\u00e9 mon premier contrat professionnel et j&rsquo;ai int\u00e9gr\u00e9 officiellement le groupe pro pendant deux ans. Aujourd\u2019hui, je suis en fin de contrat et j\u2019esp\u00e8re d\u00e9couvrir un nouveau projet tr\u00e8s bient\u00f4t.<\/p>\n<p><strong>\u00ab\u00a0Je garde de tr\u00e8s bons souvenirs du FC Libourne\u00a0\u00bb<\/strong><\/p>\n<p style=\"text-align: justify;\"><strong>Tu as jou\u00e9 dans des clubs amateurs de la r\u00e9gion bordelaise, que retiens-tu de ces rapides exp\u00e9riences ?<\/strong><\/p>\n<p style=\"text-align: justify;\">Je ne suis rest\u00e9 qu\u2019un mois \u00e0 Bergerac, mon passage a \u00e9t\u00e9 express et je n\u2019ai pas jou\u00e9. Je garde de tr\u00e8s bons souvenirs du FC Libourne. J&rsquo;ai pass\u00e9 6 mois exceptionnels \u00e0 Libourne avec un groupe top o\u00f9 l\u2019on termine dans le top 5 du championnat de N3. Il y avait des anciens de la maison Girondins de Bordeaux avec Anthony Castera, ou K\u00e9vin Zinga (\u00e0 sign\u00e9 en R1 au Stade Bordelais cet \u00e9t\u00e9, NDLR). L&rsquo;ambiance \u00e9tait tr\u00e8s bonne avec un coach des gardiens qui m\u2019a fait r\u00eaver, c\u2019est Ga\u00ebtan Huard. \u00c7a m\u2019a fait plaisir et je retiens de belles choses. Je suis parti au moment o\u00f9 leur nouveau pr\u00e9sident est arriv\u00e9. Ils ont ensuite fait une belle \u00e9pop\u00e9e en National 2.<\/p>\n<p><strong>\u00ab\u00a0Alou Diarra est un homme en or\u00a0\u00bb<\/strong><\/p>\n<p style=\"text-align: justify;\"><strong>Au final, tu retrouves un club professionnel, l\u2019ESTAC, un an apr\u00e8s ton d\u00e9part des Girondins de Bordeaux, que gardes-tu de ton passage \u00e0 Troyes ?<\/strong><\/p>\n<p style=\"text-align: justify;\">Je retiens beaucoup de choses. Tout d&rsquo;abord, une premi\u00e8re ann\u00e9e avec un coach, Erick Mombaerts qui instaure une philosophie City Group et un groupe N3 tr\u00e8s jeune o\u00f9 j&rsquo;apprends \u00e9norm\u00e9ment. Notamment sur la construction du jeu par-derri\u00e8re avec un besoin fort d\u2019avoir un gardien ma\u00eetrisant le jeu au pied. Ensuite, les deux saisons en pro j&rsquo;apprends beaucoup par rapport \u00e0 la vie d&rsquo;un groupe professionnel. Je prends en maturit\u00e9 dans mon jeu et j\u2019enchaine avec des matchs en r\u00e9serve sous la tutelle d\u2019Alou Diarra. (silence) et l\u00e0 j\u2019apprends encore plus parce que je me sers de son exp\u00e9rience et du joueur qu\u2019il \u00e9tait. Au-del\u00e0 d\u2019\u00eatre un homme incroyable, c\u2019\u00e9tait un joueur fantastique. On a nou\u00e9 d\u2019amiti\u00e9. J&rsquo;ai \u00e9norm\u00e9ment appris gr\u00e2ce \u00e0 lui. Mon coach des gardiens m\u2019a beaucoup aid\u00e9 aussi (Johan Liebus). La derni\u00e8re saison a \u00e9t\u00e9 plus compliqu\u00e9e, car il y a eu un changement de direction et de philosophie. Cela ne s\u2019est pas pass\u00e9 comme je souhaitais, au final, je retiens beaucoup de positif.<\/p>\n<p style=\"text-align: justify;\"><strong>Tu \u00e9tais int\u00e9gr\u00e9 au groupe pro.<\/strong><\/p>\n<p style=\"text-align: justify;\">Oui, je devais passer deuxi\u00e8me gardien. Il y a eu un changement de direction et cela ne s\u2019est pas fait. Je ne n&rsquo;ai pas compris au d\u00e9but, mais ils ont leurs raisons que je respecte.<\/p>\n<p><strong>\u00ab\u00a0J&rsquo;ai gagn\u00e9 en maturit\u00e9 et en puissance\u00a0\u00bb<\/strong><\/p>\n<p style=\"text-align: justify;\"><strong>Alou Diarra, capitaine de l&rsquo;\u00e9quipe des Girondins de Bordeaux, championne de France en 2009. Savait-il que tu venais de Bordeaux, est-ce que vous parliez des Girondins ?<\/strong><\/p>\n<p style=\"text-align: justify;\">Oui, bien s\u00fbr. On a beaucoup discut\u00e9 des Girondins, de la situation du club, des hommes en place et des bons souvenirs que nous avions. On parlait beaucoup du moment pr\u00e9sent, on avait \u00e0 c\u0153ur tous les deux de pouvoir aider ce club si on nous appelait. Nous sommes deux amoureux de ce club et de cette ville. Mais on ne pouvait que constater de l\u2019ext\u00e9rieur.<\/p>\n<p style=\"text-align: justify;\"><strong>Il est \u00e0 QPR aujourd\u2019hui<\/strong><\/p>\n<p style=\"text-align: justify;\">Oui, je suis en contact avec lui, il est assistant de l&rsquo;entra\u00eeneur Julien Stephan \u00e0 QPR en Championship. Il apprend beaucoup, et il sait ce qu&rsquo;il veut. Il est tr\u00e8s professionnel, \u00e0 l\u2019image de sa carri\u00e8re. Il a ses id\u00e9es, il les met en place et il est tr\u00e8s proche de ses joueurs avec un bon relationnel. C&rsquo;\u00e9tait top, un coach exceptionnel et une personne en or. On entendra parler de lui comme entra\u00eeneur \u00e0 l\u2019avenir, j\u2018en suis certain.<\/p>\n<p style=\"text-align: justify;\"><strong>Comment ton jeu de gardien a-t-il \u00e9volu\u00e9 ces derni\u00e8res ann\u00e9es ?<\/strong><\/p>\n<p style=\"text-align: justify;\">J\u2019ai pris en maturit\u00e9. J&rsquo;ai appris \u00e0 faire de meilleurs choix dans ce que je fais en match. Je suis beaucoup plus dans le soutien \u00e0 mes d\u00e9fenseurs au pied. Pour les sorties de balles, je me suis \u201dmodernis\u00e9\u201d. Je suis un relayeur pour mes d\u00e9fenseurs et \u00e7a les aide \u00e9norm\u00e9ment. J&rsquo;ai aussi gagn\u00e9 en puissance avec du renforcement musculaire et du travail suppl\u00e9mentaire. Je m&rsquo;estime \u00eatre plus propre qu\u2019avant. Je peux encore m\u2019am\u00e9liorer, bien s\u00fbr.<\/p>\n<p style=\"text-align: justify;\"><strong>\u00c0 quoi est due cette progression ?<\/strong><\/p>\n<p style=\"text-align: justify;\">En ce qui concerne le r\u00f4le du gardien relayeur, \u00e7a vient du travail \u00e0 l\u2019ESTAC, car il y a peu de clubs qui instaurent \u00e7a dans leurs \u00e9quipes. \u00c0 Troyes, \u00e7a l&rsquo;est moins en \u00e9quipe premi\u00e8re aujourd\u2019hui. Sous Erick Mombaerts et Alou Diarra, c&rsquo;\u00e9tait primordial. J\u2019ai d\u00e9velopp\u00e9 cet aspect de mon jeu et \u00e7a m\u2019a fait du bien. J&rsquo;ai aussi travaill\u00e9 le mental en individuel. Johan Liebus, mon coach des gardiens qui est aujourd\u2019hui au Red Star, m&rsquo;a fait beaucoup progresser sur le mental. C\u2019est un m\u00e9lange de tout.<\/p>\n<p style=\"text-align: justify;\"><strong>C\u2019est tr\u00e8s positif m\u00eame si tu n\u2019as pas jou\u00e9 en pro<\/strong><\/p>\n<p style=\"text-align: justify;\">J&rsquo;aurais aim\u00e9 avoir une chance de m\u2019exprimer au plus haut niveau, car je pense que je le m\u00e9ritais au vu de mon investissement et de mon travail. C\u2019est mon seul regret. C\u2019est ce que je cherche \u00e0 l&rsquo;avenir, du temps de jeu au plus haut niveau.<\/p>\n<p>\u00ab\u00a0Envie de m&rsquo;exprimer \u00e0 un haut niveau\u00a0\u00bb<\/p>\n<p style=\"text-align: justify;\"><strong>Aujourd\u2019hui quelle est ton envie pour la suite de ta carri\u00e8re ?<\/strong><\/p>\n<p style=\"text-align: justify;\">Je recherche un nouveau projet avec des envies particuli\u00e8res. Si je suis contact\u00e9 par les Girondins de Bordeaux, la porte est grande ouverte. Mais le football ne se r\u00e9sume pas \u00e0 ce club. Je suis libre sur le march\u00e9 et j&rsquo;\u00e9coute tout. J\u2019ai envie de m&rsquo;exprimer \u00e0 un niveau plus \u00e9lev\u00e9 que ce que j\u2019ai connu, que ce soit en France ou \u00e0 l\u2019\u00e9tranger. Je suis arm\u00e9 pour travailler dans n\u2019importe quel projet.<\/p>\n<p style=\"text-align: justify;\"><strong>Tu es de nationalit\u00e9 belge, as-tu pens\u00e9 jouer en Belgique ?<\/strong><\/p>\n<p style=\"text-align: justify;\">Je l\u2019ai envisag\u00e9. Ce n\u2019est pas facile d\u2019avoir fait sa formation en France et de retourner en Belgique. Je ne connais pas les m\u00e9thodes de recrutement, mais, forc\u00e9ment j&rsquo;y pense, surtout que j\u2019ai connu l&rsquo;\u00e9quipe nationale belge, \u00e7a peut aider (5 s\u00e9lections en U18, U19, NDLR).<\/p>\n<p style=\"text-align: justify;\"><strong>As-tu d\u00e9j\u00e0 pens\u00e9 \u00e0 arr\u00eater le football ?<\/strong><\/p>\n<p style=\"text-align: justify;\">Quand on est dans une p\u00e9riode comme aujourd&rsquo;hui o\u00f9 le temps peut \u00eatre un peu long, \u00e7a serait trop facile d&rsquo;abandonner quand c\u2019est difficile. Je n\u2019ai qu\u2019une envie c\u2019est d\u2019exposer de quoi je suis capable. J&rsquo;ai encore tout \u00e0 prouver et je n\u2019ai rien montr\u00e9. Je n\u2019ai pas fait ce d\u00e9but de carri\u00e8re pour arr\u00eater maintenant. Non.<\/p>\n<p style=\"text-align: justify;\"><strong>Un mot sur les Girondins, que penses-tu de la trajectoire du club que tu as connu ?<\/strong><\/p>\n<p style=\"text-align: justify;\">Je suis de loin, via les m\u00e9dias, car je n&rsquo;ai plus de contact au club. Je regarde les r\u00e9sultats et j\u2019ai suivi la fin de saison frustrante en N2. J&rsquo;ai cru \u00e0 cette mont\u00e9e comme beaucoup. Cela m\u2019attriste comme une bonne partie des supporters. Avec du travail, j&rsquo;esp\u00e8re que cette ann\u00e9e sera la bonne ann\u00e9e.<\/p>\n<p style=\"text-align: justify;\"><strong>Quelle a \u00e9t\u00e9 ta r\u00e9action, toi qui as v\u00e9cu 10 ans au centre de formation bordelaise lorsque tu as appris l\u2019\u00e9t\u00e9 dernier sa fermeture ?<\/strong><\/p>\n<p style=\"text-align: justify;\">C\u2019est triste, surtout quand on sait, quand on conna\u00eet les joueurs sortis du centre, et les coachs qui ont travaill\u00e9\u2026 c\u2019est dommage d\u2019en arriver l\u00e0. \u00c0 l\u2019image du football fran\u00e7ais, c\u2019est difficile. Les passages devant la DNCG sont compliqu\u00e9s. On sait que les Girondins ont \u00e9t\u00e9 r\u00e9trograd\u00e9s en National 2 et il fallait s&rsquo;y attendre. J\u2019ose esp\u00e9rer que ce club va revenir au plus haut niveau. Bordeaux ne doit jamais \u00eatre en National 2. Je suis convaincu que la formation bordelaise rena\u00eetra c\u2019est juste une question de temps.<\/p>\n<p style=\"text-align: justify;\">N.P<\/p>\n<p>\u00c0 lire ce samedi &gt;&gt; <strong><a href=\"https:\/\/www.webgirondins.com\/actualite-mercato-les-girondins-multiplient-les-pistes-pour-un-gardien-de-but-letellier-patron-sourzac-129703\" target=\"_blank\" rel=\"noopener\">Les Girondins multiplient les pistes pour un gardien de but : Letellier, Patron, Sourzac&#8230;<\/a><\/strong><\/p>\n<p>\u00a0<\/p>\n<p>Notre podcast court :<\/p>\n<p>\u00a0<\/p>\n","protected":false},"excerpt":{"rendered":"\u00a9 Iconsport WebGirondins : Corentin, que deviens-tu depuis ton d\u00e9part des Girondins en 2021 ? Corentin Michel :&hellip;\n","protected":false},"author":2,"featured_media":246561,"comment_status":"","ping_status":"","sticky":false,"template":"","format":"standard","meta":{"footnotes":""},"categories":[2817],"tags":[1111,11,18235,33553,1997,6074,16989,3985,394,1777,674,4988,1011,27,8772,1987,4027,3103,12,2219,12884,12618,5396,25],"class_list":{"0":"post-246560","1":"post","2":"type-post","3":"status-publish","4":"format-standard","5":"has-post-thumbnail","7":"category-bordeaux","8":"tag-actu","9":"tag-actualites","10":"tag-appelle","11":"tag-belge","12":"tag-bordeaux","13":"tag-confie","14":"tag-corentin","15":"tag-depart","16":"tag-depuis","17":"tag-eu","18":"tag-europe","19":"tag-forme","20":"tag-fr","21":"tag-france","22":"tag-gardien","23":"tag-girondins","24":"tag-grande","25":"tag-michel","26":"tag-news","27":"tag-nouvelle-aquitaine","28":"tag-ouverte","29":"tag-parcours","30":"tag-porte","31":"tag-republique-francaise"},"share_on_mastodon":{"url":"https:\/\/pubeurope.com\/@fr\/114844509443528180","error":""},"_links":{"self":[{"href":"https:\/\/www.europesays.com\/fr\/wp-json\/wp\/v2\/posts\/246560","targetHints":{"allow":["GET"]}}],"collection":[{"href":"https:\/\/www.europesays.com\/fr\/wp-json\/wp\/v2\/posts"}],"about":[{"href":"https:\/\/www.europesays.com\/fr\/wp-json\/wp\/v2\/types\/post"}],"author":[{"embeddable":true,"href":"https:\/\/www.europesays.com\/fr\/wp-json\/wp\/v2\/users\/2"}],"replies":[{"embeddable":true,"href":"https:\/\/www.europesays.com\/fr\/wp-json\/wp\/v2\/comments?post=246560"}],"version-history":[{"count":0,"href":"https:\/\/www.europesays.com\/fr\/wp-json\/wp\/v2\/posts\/246560\/revisions"}],"wp:featuredmedia":[{"embeddable":true,"href":"https:\/\/www.europesays.com\/fr\/wp-json\/wp\/v2\/media\/246561"}],"wp:attachment":[{"href":"https:\/\/www.europesays.com\/fr\/wp-json\/wp\/v2\/media?parent=246560"}],"wp:term":[{"taxonomy":"category","embeddable":true,"href":"https:\/\/www.europesays.com\/fr\/wp-json\/wp\/v2\/categories?post=246560"},{"taxonomy":"post_tag","embeddable":true,"href":"https:\/\/www.europesays.com\/fr\/wp-json\/wp\/v2\/tags?post=246560"}],"curies":[{"name":"wp","href":"https:\/\/api.w.org\/{rel}","templated":true}]}}