{"id":246564,"date":"2025-07-13T06:29:08","date_gmt":"2025-07-13T06:29:08","guid":{"rendered":"https:\/\/www.europesays.com\/fr\/246564\/"},"modified":"2025-07-13T06:29:08","modified_gmt":"2025-07-13T06:29:08","slug":"quest-ce-qui-est-ouvert-ce-14-juillet-a-toulouse","status":"publish","type":"post","link":"https:\/\/www.europesays.com\/fr\/246564\/","title":{"rendered":"qu&rsquo;est-ce qui est ouvert ce 14 juillet \u00e0 Toulouse\u00a0?"},"content":{"rendered":"<p>            Par<br \/>\n        <strong><br \/>\n            <a href=\"https:\/\/actu.fr\/auteur\/lea-afonso\" title=\"Consulter tous les articles de L\u00e9a Afonso\" rel=\"nofollow noopener\" target=\"_blank\">L\u00e9a Afonso<\/a><br \/>\n        <\/strong><\/p>\n<p>        Publi\u00e9 le<\/p>\n<p>            13 juil. 2025 \u00e0 8h26        <\/p>\n<p>Une journ\u00e9e de shopping un jour f\u00e9ri\u00e9\u2009! Les <a href=\"https:\/\/actu.fr\/toulouse\/\" rel=\"nofollow noopener\" target=\"_blank\">Toulousains<\/a> auront-t-ils l\u2019occasion de s\u2019accorder un week-end prolong\u00e9 sous le signe des emplettes ce<strong> lundi 14\u00a0juillet<\/strong> 2025 ? Quels seront les commerces ouverts en ce jour f\u00e9ri\u00e9 ? Actu Toulouse fait le point.\u00a0<\/p>\n<p>Profiter de l\u2019affluence en centre-ville<\/p>\n<p class=\" wall-content\">Les commer\u00e7ants de la Ville rose ont tout pr\u00e9vu\u2009! Avec le passage du Tour de France \u00e0 Toulouse et la <a href=\"https:\/\/actu.fr\/occitanie\/toulouse_31555\/ou-voir-le-tour-de-france-a-toulouse-voici-le-trace-de-la-boucle-qui-part-et-arrive-dans-la-ville-rose_62435697.html\" rel=\"nofollow noopener\" target=\"_blank\">boucle 100\u2009% locale<\/a>, <strong>plusieurs dizaines de milliers de personnes sont attendues<\/strong> d\u00e8s le 14\u00a0juillet. Alors hors de question de se retrouver avec une ville fant\u00f4me comme cela peut \u00eatre le cas un jour f\u00e9ri\u00e9.<\/p>\n<p class=\" wall-content\">\u00ab\u2009Nous avons fait un sondage par mail \u00e0 notre base de donn\u00e9es des commer\u00e7ants de la ville, qui nous ont en grande partie r\u00e9pondu favorablement pour une ouverture ce 14\u00a0juillet, explique Sandrine Rossignol, directrice de la f\u00e9d\u00e9ration des commer\u00e7ants de la ville. Ils ont tous compris qu\u2019il s\u2019agit de l\u2019occasion commerciale de l\u2019\u00e9t\u00e9 et puis <strong>cela entretient l\u2019image de la ville<\/strong>. Il ne faut pas que les touristes arrivent un lundi et voient tout ferm\u00e9\u2009!\u2009\u00bb.<\/p>\n<p class=\" wall-content\">R\u00e9sultat\u2009: pr\u00eat-\u00e0-porter, commerce de bouche, chaussure, accessoire, d\u00e9coration, tous jouent le jeu en centre-ville, pour la plupart de 11h \u00e0 19h.<\/p>\n<p>C\u00f4t\u00e9 centres commerciaux<\/p>\n<ul class=\" wall-content\">\n<li>Centre commercial Gramont\u2009: ouvert de 8h30 \u00e0 21h30 hors Auchan qui sera ferm\u00e9<\/li>\n<li>Centre commercial Blagnac\u2009: ferm\u00e9<\/li>\n<li>Centre commercial Portet (hors Carrefour)\u2009: ouvert de 9h30 \u00e0 20h<\/li>\n<li>Les Boutiques Saint-Georges\u2009: ouvert de 10h \u00e0 20h<\/li>\n<li>Centre commercial Carrefour Toulouse Purpan\u2009: ferm\u00e9<\/li>\n<li>Centre Commercial \u2013 Les Maourines\u2009: ouvert de 9h \u00e0 20h30<\/li>\n<li>Reflets Compans\u2009: ferm\u00e9<\/li>\n<li>Centre Commercial Roques\u2009: ouvert de 9h30 \u00e0 19h30<\/li>\n<li>La Galerie Espaces Fenouillet\u2009: ouvert de 9h30 \u00e0 20h<\/li>\n<li>Centre Commercial de Saint-Orens\u2009: ouvert de 10h \u00e0 20h<\/li>\n<li>L\u2019Hippodrome de Toulouse\u2009: ouvert de 9h \u00e0 20h<\/li>\n<\/ul>\n<p>C\u00f4t\u00e9 bricolage<\/p>\n<ul class=\" wall-content\">\n<li>Bricomarch\u00e9 Toulouse\u2009: ouvert de 8h30 \u00e0 20h<\/li>\n<li>Tout Brico\u2009: ferm\u00e9<\/li>\n<li>Bricoman Toulouse\u2009: ouvert de 6h30 \u00e0 19h30<\/li>\n<li>Leroy Merlin Balma, Colomiers, Roques\u2009: ouvert de 9h \u00e0 19h<\/li>\n<li>Castorama l\u2019Union, Saint Orens, Blagnac, Portet\u2009: ouvert de 9h \u00e0 19h<\/li>\n<\/ul>\n<p>C\u00f4t\u00e9 jardinerie<\/p>\n<ul class=\" wall-content\">\n<li>Truffaut\u2009: ouvert de 10h \u00e0 13h puis de 14h \u00e0 18h30<\/li>\n<li>Jardiland l\u2019Union\u2009: ferm\u00e9<\/li>\n<li>Jardiland Toulouse\u2009: ouvert de 9h30 \u00e0 12h30 et de 14h \u00e0 19h<\/li>\n<li>Espaces Verts du Languedoc\u2009: ferm\u00e9<\/li>\n<li>Botanic Lab\u00e8ge, Blagnac\u2009: ferm\u00e9<\/li>\n<li>Jardinerie Toulousaine\u2009: ferm\u00e9e<\/li>\n<\/ul>\n<p class=\" wall-content\">Suivez toute l\u2019actualit\u00e9 de vos villes et m\u00e9dias favoris en vous inscrivant \u00e0 <a href=\"https:\/\/moncompte.actu.fr\" title=\"D\u00e9couvez Mon Actu\" rel=\"nofollow noopener\" data-trk=\"{&quot;cta&quot;:{&quot;action&quot;:&quot;https:\\\/\\\/moncompte.actu.fr&quot;,&quot;category&quot;:&quot;mon compte&quot;,&quot;from&quot;:&quot;article footer&quot;,&quot;name&quot;:&quot;Mon actu&quot;,&quot;type&quot;:&quot;cta&quot;}}\" target=\"_blank\">Mon Actu<\/a>.<\/p>\n<ul class=\"ac-article-tag wall-content\">\n<li><a href=\"https:\/\/actu.fr\/tag\/commerce\" data-trk=\"{&quot;cta&quot;:{&quot;action&quot;:&quot;Commerce&quot;,&quot;category&quot;:&quot;tag&quot;,&quot;from&quot;:&quot;article footer&quot;,&quot;name&quot;:&quot;Commerce&quot;,&quot;type&quot;:&quot;cta&quot;}}\" rel=\"nofollow noopener\" target=\"_blank\">#Commerce<\/a><\/li>\n<li><a href=\"https:\/\/actu.fr\/tag\/tour-de-france-2025\" data-trk=\"{&quot;cta&quot;:{&quot;action&quot;:&quot;Tour de France 2025&quot;,&quot;category&quot;:&quot;tag&quot;,&quot;from&quot;:&quot;article footer&quot;,&quot;name&quot;:&quot;Tour de France 2025&quot;,&quot;type&quot;:&quot;cta&quot;}}\" rel=\"nofollow noopener\" target=\"_blank\">#Tour de France 2025<\/a><\/li>\n<\/ul>\n","protected":false},"excerpt":{"rendered":"Par L\u00e9a Afonso Publi\u00e9 le 13 juil. 2025 \u00e0 8h26 Une journ\u00e9e de shopping un jour f\u00e9ri\u00e9\u2009! Les&hellip;\n","protected":false},"author":2,"featured_media":246565,"comment_status":"","ping_status":"","sticky":false,"template":"","format":"standard","meta":{"footnotes":""},"categories":[2816],"tags":[1111,11,215,1777,674,1011,27,12,2680,25,104,2312,2116],"class_list":{"0":"post-246564","1":"post","2":"type-post","3":"status-publish","4":"format-standard","5":"has-post-thumbnail","7":"category-toulouse","8":"tag-actu","9":"tag-actualites","10":"tag-commerce","11":"tag-eu","12":"tag-europe","13":"tag-fr","14":"tag-france","15":"tag-news","16":"tag-occitanie","17":"tag-republique-francaise","18":"tag-societe","19":"tag-toulouse","20":"tag-tour-de-france-2025"},"share_on_mastodon":{"url":"https:\/\/pubeurope.com\/@fr\/114844517161781754","error":""},"_links":{"self":[{"href":"https:\/\/www.europesays.com\/fr\/wp-json\/wp\/v2\/posts\/246564","targetHints":{"allow":["GET"]}}],"collection":[{"href":"https:\/\/www.europesays.com\/fr\/wp-json\/wp\/v2\/posts"}],"about":[{"href":"https:\/\/www.europesays.com\/fr\/wp-json\/wp\/v2\/types\/post"}],"author":[{"embeddable":true,"href":"https:\/\/www.europesays.com\/fr\/wp-json\/wp\/v2\/users\/2"}],"replies":[{"embeddable":true,"href":"https:\/\/www.europesays.com\/fr\/wp-json\/wp\/v2\/comments?post=246564"}],"version-history":[{"count":0,"href":"https:\/\/www.europesays.com\/fr\/wp-json\/wp\/v2\/posts\/246564\/revisions"}],"wp:featuredmedia":[{"embeddable":true,"href":"https:\/\/www.europesays.com\/fr\/wp-json\/wp\/v2\/media\/246565"}],"wp:attachment":[{"href":"https:\/\/www.europesays.com\/fr\/wp-json\/wp\/v2\/media?parent=246564"}],"wp:term":[{"taxonomy":"category","embeddable":true,"href":"https:\/\/www.europesays.com\/fr\/wp-json\/wp\/v2\/categories?post=246564"},{"taxonomy":"post_tag","embeddable":true,"href":"https:\/\/www.europesays.com\/fr\/wp-json\/wp\/v2\/tags?post=246564"}],"curies":[{"name":"wp","href":"https:\/\/api.w.org\/{rel}","templated":true}]}}