{"id":246566,"date":"2025-07-13T06:31:10","date_gmt":"2025-07-13T06:31:10","guid":{"rendered":"https:\/\/www.europesays.com\/fr\/246566\/"},"modified":"2025-07-13T06:31:10","modified_gmt":"2025-07-13T06:31:10","slug":"la-braderie-de-lille-version-2025-se-prepare-ce-quil-faut-savoir","status":"publish","type":"post","link":"https:\/\/www.europesays.com\/fr\/246566\/","title":{"rendered":"La Braderie de Lille version 2025 se pr\u00e9pare : ce qu\u2019il faut savoir"},"content":{"rendered":"<p>            Par<br \/>\n        <strong><br \/>\n            <a href=\"https:\/\/actu.fr\/auteur\/nicolas-demollien\" title=\"Consulter tous les articles de Nicolas Demollien\" target=\"_blank\" rel=\"noopener\">Nicolas Demollien<\/a><br \/>\n        <\/strong><\/p>\n<p>        Publi\u00e9 le<\/p>\n<p>            13 juil. 2025 \u00e0 7h50        <\/p>\n<p>Toujours aussi attendue, la <a href=\"https:\/\/actu.fr\/tag\/braderie-de-lille\" target=\"_blank\" rel=\"noopener\">Braderie de Lille<\/a> (Nord) <b>version 2025<\/b> est \u00e9videmment d\u00e9j\u00e0 bien ficel\u00e9e. Ses <b>grands contours ont m\u00eame \u00e9t\u00e9 pr\u00e9sent\u00e9s<\/b> par la Ville.<\/p>\n<p>Quand aura lieu la Braderie de Lille 2025\u2009?<\/p>\n<p data-end=\"192\" class=\" wall-content\">La prochaine Braderie se tiendra du samedi 6\u00a0septembre 2025 \u00e0 8\u2009h au dimanche 7\u00a0septembre 2025 \u00e0 18\u2009h.<\/p>\n<p>Quel sera le p\u00e9rim\u00e8tre de la Braderie\u2009?<\/p>\n<p data-end=\"591\" class=\" wall-content\">Le p\u00e9rim\u00e8tre sera le m\u00eame que l\u2019an pass\u00e9, principalement concentr\u00e9 dans les quartiers centre et Vieux-Lille, avec une exception pour une partie de la rue Gambetta et de la place de la Nouvelle Aventure. \u00ab\u2009Les habitants des rues de Lille qui ne sont plus autoris\u00e9es \u00e0 la Braderie depuis 2017 sont prioritaires pour disposer d\u2019un emplacement gratuit dans des zones d\u00e9di\u00e9es au c\u0153ur de la Braderie\u2009\u00bb, pr\u00e9cise la Ville.<\/p>\n<p data-end=\"967\" class=\" wall-content\">Les brocanteurs occuperont tout le boulevard Louis XIV et celui de la Libert\u00e9, l\u2019avenue du Pr\u00e9sident Kennedy, les rues adjacentes et le long de l\u2019Esplanade, cr\u00e9ant ainsi un \u00ab\u2009axe de la chine\u2009\u00bb. Les commer\u00e7ants non s\u00e9dentaires (hors food trucks, friteries, et triporteurs sur appel \u00e0 manifestation d\u2019int\u00e9r\u00eat) ne peuvent, quant \u00e0 eux, plus s\u2019installer sur le p\u00e9rim\u00e8tre Braderie.<\/p>\n<p>Les animations particuli\u00e8res<\/p>\n<p data-end=\"2187\" class=\" wall-content\">Les animations particuli\u00e8res qui font aussi le charme de l\u2019\u00e9v\u00e9nement seront \u00e0 nouveau mises en place\u2009:<\/p>\n<p>Vid\u00e9os : en ce moment sur Actu<\/p>\n<ul class=\" wall-content\">\n<li data-end=\"2187\">Le village associatif, situ\u00e9 Porte de Paris<\/li>\n<li>Le Village du r\u00e9emploi, situ\u00e9 place de la R\u00e9publique<\/li>\n<li>La Braderie de la BD au Palais des Beaux-arts<\/li>\n<li>La Braderie des enfants \u00e0 Saint-Sauveur<\/li>\n<li>Broc\u2019\u00e0 v\u00e9los place de la Nouvelle Aventure<\/li>\n<li>Une vente aux ench\u00e8res solidaire du Cr\u00e9dit Municipal le vendredi<\/li>\n<li>La Foire aux man\u00e8ges sur l\u2019esplanade.<\/li>\n<\/ul>\n<p class=\" wall-content\">Bref, aucune r\u00e9volution en vue pour cette nouvelle \u00e9dition. Mais des valeurs s\u00fbres qui font tout le charme de la Braderie\u2009!<\/p>\n<p class=\" wall-content\">Suivez toute l\u2019actualit\u00e9 de vos villes et m\u00e9dias favoris en vous inscrivant \u00e0 <a href=\"https:\/\/moncompte.actu.fr\" title=\"D\u00e9couvez Mon Actu\" rel=\"nofollow noopener\" data-trk=\"{&quot;cta&quot;:{&quot;action&quot;:&quot;https:\\\/\\\/moncompte.actu.fr&quot;,&quot;category&quot;:&quot;mon compte&quot;,&quot;from&quot;:&quot;article footer&quot;,&quot;name&quot;:&quot;Mon actu&quot;,&quot;type&quot;:&quot;cta&quot;}}\" target=\"_blank\">Mon Actu<\/a>.<\/p>\n","protected":false},"excerpt":{"rendered":"Par Nicolas Demollien Publi\u00e9 le 13 juil. 2025 \u00e0 7h50 Toujours aussi attendue, la Braderie de Lille (Nord)&hellip;\n","protected":false},"author":2,"featured_media":246567,"comment_status":"","ping_status":"","sticky":false,"template":"","format":"standard","meta":{"footnotes":""},"categories":[2815],"tags":[1111,11,18703,1777,674,1011,27,811,1307,1652,12,25],"class_list":{"0":"post-246566","1":"post","2":"type-post","3":"status-publish","4":"format-standard","5":"has-post-thumbnail","7":"category-lille","8":"tag-actu","9":"tag-actualites","10":"tag-braderie-de-lille","11":"tag-eu","12":"tag-europe","13":"tag-fr","14":"tag-france","15":"tag-hauts-de-france","16":"tag-lille","17":"tag-loisirs-culture","18":"tag-news","19":"tag-republique-francaise"},"share_on_mastodon":{"url":"https:\/\/pubeurope.com\/@fr\/114844525050754811","error":""},"_links":{"self":[{"href":"https:\/\/www.europesays.com\/fr\/wp-json\/wp\/v2\/posts\/246566","targetHints":{"allow":["GET"]}}],"collection":[{"href":"https:\/\/www.europesays.com\/fr\/wp-json\/wp\/v2\/posts"}],"about":[{"href":"https:\/\/www.europesays.com\/fr\/wp-json\/wp\/v2\/types\/post"}],"author":[{"embeddable":true,"href":"https:\/\/www.europesays.com\/fr\/wp-json\/wp\/v2\/users\/2"}],"replies":[{"embeddable":true,"href":"https:\/\/www.europesays.com\/fr\/wp-json\/wp\/v2\/comments?post=246566"}],"version-history":[{"count":0,"href":"https:\/\/www.europesays.com\/fr\/wp-json\/wp\/v2\/posts\/246566\/revisions"}],"wp:featuredmedia":[{"embeddable":true,"href":"https:\/\/www.europesays.com\/fr\/wp-json\/wp\/v2\/media\/246567"}],"wp:attachment":[{"href":"https:\/\/www.europesays.com\/fr\/wp-json\/wp\/v2\/media?parent=246566"}],"wp:term":[{"taxonomy":"category","embeddable":true,"href":"https:\/\/www.europesays.com\/fr\/wp-json\/wp\/v2\/categories?post=246566"},{"taxonomy":"post_tag","embeddable":true,"href":"https:\/\/www.europesays.com\/fr\/wp-json\/wp\/v2\/tags?post=246566"}],"curies":[{"name":"wp","href":"https:\/\/api.w.org\/{rel}","templated":true}]}}