{"id":246577,"date":"2025-07-13T06:38:09","date_gmt":"2025-07-13T06:38:09","guid":{"rendered":"https:\/\/www.europesays.com\/fr\/246577\/"},"modified":"2025-07-13T06:38:09","modified_gmt":"2025-07-13T06:38:09","slug":"la-prefecture-de-police-de-paris-fait-fermer-plusieurs-stations-de-metro","status":"publish","type":"post","link":"https:\/\/www.europesays.com\/fr\/246577\/","title":{"rendered":"la pr\u00e9fecture de police de Paris fait fermer plusieurs stations de m\u00e9tro"},"content":{"rendered":"<p>            Par<br \/>\n        <strong><br \/>\n            <a href=\"https:\/\/actu.fr\/auteur\/thomas-martin\" title=\"Consulter tous les articles de Thomas Martin\" target=\"_blank\" rel=\"noopener\">Thomas Martin<\/a><br \/>\n        <\/strong><\/p>\n<p>        Publi\u00e9 le<\/p>\n<p>            13 juil. 2025 \u00e0 8h25        <\/p>\n<p>Une finale \u00e0 l\u2019autre bout du monde mais <a href=\"https:\/\/actu.fr\/ile-de-france\/paris_75056\/chelsea-psg-14-juillet-a-paris-les-champs-elysees-sous-haute-surveillance-d-importants-moyens-deployes_62905384.html\" target=\"_blank\" rel=\"noopener\">sous haute surveillance<\/a> \u00e0 Paris. La pr\u00e9fecture de police veut \u00e9viter tout d\u00e9bordement en marge de la finale de la coupe du monde des clubs entre Chelsea et le <a href=\"https:\/\/actu.fr\/tag\/paris-saint-germain-psg\" target=\"_blank\" rel=\"noopener\">PSG<\/a>. Quelque 11 500 effectifs seront mobilis\u00e9s \u00e0 Paris et petite couronne pour assurer la s\u00e9curit\u00e9 lors des festivit\u00e9s du 14 juillet et pour la finale. Un important dispositif de s\u00e9curit\u00e9 est pr\u00e9vu, notamment autour des <a href=\"https:\/\/actu.fr\/tag\/champs-elysees\" target=\"_blank\" rel=\"noopener\">Champs-Elys\u00e9es<\/a>. A cette occasion, plusieurs stations de m\u00e9tro de la <a href=\"https:\/\/actu.fr\/tag\/ratp\" target=\"_blank\" rel=\"noopener\">RATP<\/a> seront \u00e9galement ferm\u00e9es \u00e0 partir de 19h ce dimanche 13 juillet.\u00a0<\/p>\n<p>Les stations de m\u00e9tro ferm\u00e9es \u00e0 Paris<\/p>\n<ul class=\" wall-content\">\n<li>Ligne 1 : Tuileries, Argentine, George V<\/li>\n<li>Lignes 1, 8 et 12 : Concorde<\/li>\n<li>Lignes 1 et 13 : Champs-Elys\u00e9es Cl\u00e9menceau<\/li>\n<li>Lignes 1 et 9 : Franklin Roosevelt<\/li>\n<li>RER A, lignes 1, 2 et 6 : Charles de Gaulle \u2013 \u00c9toile<\/li>\n<li>Lignes 6 : trafic interrompu entre Charles de Gaulle \u2013 \u00c9toile et Trocad\u00e9ro<\/li>\n<\/ul>\n<p class=\" wall-content\">La r\u00e9ouverture de ces stations de m\u00e9tro se fera sur ordre de la pr\u00e9fecture. Un arr\u00eat\u00e9 a par ailleurs \u00e9t\u00e9 pris pour interdire, du dimanche 13 juillet \u00e0 20h jusqu\u2019au lundi 14 juillet 2025 \u00e0 3h, \u00ab les grands rassemblements de personnes ayant pour objet d\u2019assister \u00e0 la retransmission d\u2019\u00e9v\u00e8nements (fan zones, \u00e9crans sur la voie publique, \u00e9crans tourn\u00e9s vers la voie publique) \u00bb.<\/p>\n<p class=\" wall-content\">Pour ce long week-end de F\u00eate nationale, des <a href=\"https:\/\/actu.fr\/ile-de-france\/paris_75056\/14-juillet-a-paris-les-restrictions-de-circulation-pour-le-feu-d-artifice-et-le-concert-sur-le-champ-de-mars_62901097.html\" target=\"_blank\" rel=\"noopener\">restrictions de circulation<\/a> ont \u00e9galement \u00e9t\u00e9 mises en place d\u00e8s samedi.\u00a0<\/p>\n<p class=\" wall-content\">Suivez toute l\u2019actualit\u00e9 de vos villes et m\u00e9dias favoris en vous inscrivant \u00e0 <a href=\"https:\/\/moncompte.actu.fr\" title=\"D\u00e9couvez Mon Actu\" rel=\"nofollow noopener\" data-trk=\"{&quot;cta&quot;:{&quot;action&quot;:&quot;https:\\\/\\\/moncompte.actu.fr&quot;,&quot;category&quot;:&quot;mon compte&quot;,&quot;from&quot;:&quot;article footer&quot;,&quot;name&quot;:&quot;Mon actu&quot;,&quot;type&quot;:&quot;cta&quot;}}\" target=\"_blank\">Mon Actu<\/a>.<\/p>\n","protected":false},"excerpt":{"rendered":"Par Thomas Martin Publi\u00e9 le 13 juil. 2025 \u00e0 8h25 Une finale \u00e0 l\u2019autre bout du monde mais&hellip;\n","protected":false},"author":2,"featured_media":246578,"comment_status":"","ping_status":"","sticky":false,"template":"","format":"standard","meta":{"footnotes":""},"categories":[1888],"tags":[1111,1928,11,1927,6984,1777,674,1011,27,12,1926,626,1925,1931,625,25,104],"class_list":{"0":"post-246577","1":"post","2":"type-post","3":"status-publish","4":"format-standard","5":"has-post-thumbnail","7":"category-paris","8":"tag-actu","9":"tag-actu-paris","10":"tag-actualites","11":"tag-actualites-paris","12":"tag-champs-elysees","13":"tag-eu","14":"tag-europe","15":"tag-fr","16":"tag-france","17":"tag-news","18":"tag-news-paris","19":"tag-paris","20":"tag-paris-news","21":"tag-prefecture-de-police-de-paris","22":"tag-ratp","23":"tag-republique-francaise","24":"tag-societe"},"share_on_mastodon":{"url":"https:\/\/pubeurope.com\/@fr\/114844552580934102","error":""},"_links":{"self":[{"href":"https:\/\/www.europesays.com\/fr\/wp-json\/wp\/v2\/posts\/246577","targetHints":{"allow":["GET"]}}],"collection":[{"href":"https:\/\/www.europesays.com\/fr\/wp-json\/wp\/v2\/posts"}],"about":[{"href":"https:\/\/www.europesays.com\/fr\/wp-json\/wp\/v2\/types\/post"}],"author":[{"embeddable":true,"href":"https:\/\/www.europesays.com\/fr\/wp-json\/wp\/v2\/users\/2"}],"replies":[{"embeddable":true,"href":"https:\/\/www.europesays.com\/fr\/wp-json\/wp\/v2\/comments?post=246577"}],"version-history":[{"count":0,"href":"https:\/\/www.europesays.com\/fr\/wp-json\/wp\/v2\/posts\/246577\/revisions"}],"wp:featuredmedia":[{"embeddable":true,"href":"https:\/\/www.europesays.com\/fr\/wp-json\/wp\/v2\/media\/246578"}],"wp:attachment":[{"href":"https:\/\/www.europesays.com\/fr\/wp-json\/wp\/v2\/media?parent=246577"}],"wp:term":[{"taxonomy":"category","embeddable":true,"href":"https:\/\/www.europesays.com\/fr\/wp-json\/wp\/v2\/categories?post=246577"},{"taxonomy":"post_tag","embeddable":true,"href":"https:\/\/www.europesays.com\/fr\/wp-json\/wp\/v2\/tags?post=246577"}],"curies":[{"name":"wp","href":"https:\/\/api.w.org\/{rel}","templated":true}]}}