{"id":246579,"date":"2025-07-13T06:39:19","date_gmt":"2025-07-13T06:39:19","guid":{"rendered":"https:\/\/www.europesays.com\/fr\/246579\/"},"modified":"2025-07-13T06:39:19","modified_gmt":"2025-07-13T06:39:19","slug":"les-stations-de-metro-et-rer-fermees-a-paris","status":"publish","type":"post","link":"https:\/\/www.europesays.com\/fr\/246579\/","title":{"rendered":"les stations de m\u00e9tro et RER ferm\u00e9es \u00e0 Paris"},"content":{"rendered":"<p data-start=\"282\" data-end=\"797\">Chaque ann\u00e9e, c\u2019est la m\u00eame partition : d\u2019un c\u00f4t\u00e9, la Tour Eiffel qui s\u2019embrase dans un final wagn\u00e9rien, de l\u2019autre, des milliers de Parisiens hagards cherchant une bouche de m\u00e9tro ouverte. Pour le <a href=\"https:\/\/www.timeout.fr\/paris\/14-juillet-feu-d-artifice\" target=\"_blank\" rel=\"noopener\">feu d\u2019artifice du 14 juillet<\/a>, la RATP d\u00e9ploie sa grande chor\u00e9graphie de fermetures cibl\u00e9es : une valse millim\u00e9tr\u00e9e d\u2019acc\u00e8s bloqu\u00e9s, de quais d\u00e9sert\u00e9s et de wagons trop pleins. Voici donc la liste (presque) compl\u00e8te des stations qui ferment, pour vous \u00e9viter de jouer \u00e0 cache-cache avec la ligne 6 \u00e0 la tomb\u00e9e du jour.<\/p>\n<p>Les stations qui ferment d\u00e8s le matin (de 6h30 \u00e0 14h)<\/p>\n<p data-start=\"858\" data-end=\"1315\">Pr\u00e9parez-vous \u00e0 une matin\u00e9e sportive si vous comptez fouler les Champs-\u00c9lys\u00e9es ou r\u00f4der autour du palais de l\u2019\u00c9lys\u00e9e. Tout ce qui borde l\u2019axe pr\u00e9sidentiel est sous cloche jusqu\u2019\u00e0 14h.<\/p>\n<p><strong data-start=\"979\" data-end=\"990\">Ligne 1<\/strong> : Charles de Gaulle-\u00c9toile, George V, Franklin D. Roosevelt, Champs-\u00c9lys\u00e9es-Cl\u00e9menceau, Concorde, Tuileries<br data-start=\"1098\" data-end=\"1101\"\/> <strong data-start=\"1101\" data-end=\"1117\">Ligne 2 et 6<\/strong> : Charles de Gaulle-\u00c9toile<br data-start=\"1144\" data-end=\"1147\"\/> <strong data-start=\"1147\" data-end=\"1158\">Ligne 8<\/strong> : Concorde<br data-start=\"1169\" data-end=\"1172\"\/> <strong data-start=\"1172\" data-end=\"1183\">Ligne 9<\/strong> : Franklin D. Roosevelt<br data-start=\"1207\" data-end=\"1210\"\/> <strong data-start=\"1210\" data-end=\"1222\">Ligne 12<\/strong> : Concorde<br data-start=\"1233\" data-end=\"1236\"\/> <strong data-start=\"1236\" data-end=\"1248\">Ligne 13<\/strong> : Champs-\u00c9lys\u00e9es-Cl\u00e9menceau<br data-start=\"1276\" data-end=\"1279\"\/> <strong data-start=\"1279\" data-end=\"1288\">RER A<\/strong> : Charles de Gaulle-\u00c9toile<\/p>\n<p>Les stations qui ferment en fin de journ\u00e9e (\u00e0 partir de 19h)<\/p>\n<p data-start=\"1504\" data-end=\"1624\">Quand le soleil commence \u00e0 d\u00e9cliner et que l\u2019odeur de merguez flotte sur les quais de Seine, les fermetures reprennent.<\/p>\n<p data-start=\"1626\" data-end=\"2289\"><strong data-start=\"1626\" data-end=\"1637\">Ligne 6<\/strong> : Cambronne, Kl\u00e9ber, Passy, Trocad\u00e9ro, Bir-Hakeim, Dupleix<br data-start=\"1696\" data-end=\"1699\"\/> <strong data-start=\"1699\" data-end=\"1710\">Ligne 8<\/strong> : \u00c9cole Militaire, Invalides, La Tour-Maubourg<br data-start=\"1757\" data-end=\"1760\"\/> <strong data-start=\"1760\" data-end=\"1771\">Ligne 9<\/strong> : Trocad\u00e9ro, Alma-Marceau, I\u00e9na, Rue de la Pompe<br data-start=\"1820\" data-end=\"1823\"\/> <strong data-start=\"1823\" data-end=\"1835\">Ligne 10<\/strong> : Javel-Andr\u00e9 Citro\u00ebn, \u00c9glise d\u2019Auteuil, Avenue \u00c9mile Zola, Boulogne Pont de Saint-Cloud, Boulogne Jean Jaur\u00e8s, Chardon Lagache, Charles Michels, Michel-Ange Auteuil, Michel-Ange Molitor, Mirabeau, Porte d\u2019Auteuil, S\u00e9gur<br data-start=\"2056\" data-end=\"2059\"\/> <strong data-start=\"2059\" data-end=\"2071\">Ligne 13<\/strong> : Invalides, Saint-Fran\u00e7ois-Xavier, Varenne<br data-start=\"2115\" data-end=\"2118\"\/> <strong data-start=\"2118\" data-end=\"2127\">RER C<\/strong> : Pont de l\u2019Alma, Avenue du Pr\u00e9sident Kennedy, Javel, Invalides<br data-start=\"2191\" data-end=\"2194\"\/> (avec un petit bonus \u00e0 <strong data-start=\"2217\" data-end=\"2224\">15h<\/strong> pour <strong data-start=\"2230\" data-end=\"2261\">Champ-de-Mars \u2013 Tour Eiffel<\/strong>, ferm\u00e9 pile pour le go\u00fbter)<\/p>\n<p>Les stations qui ferment encore plus tard (\u00e0 partir de 23h)<\/p>\n<p data-start=\"2356\" data-end=\"2522\">C\u2019est la derni\u00e8re salve avant le bouquet final.<\/p>\n<p><strong data-start=\"2407\" data-end=\"2418\">Ligne 6<\/strong> : Boissi\u00e8re, La Motte-Picquet Grenelle, S\u00e8vres-Lecourbe<br data-start=\"2474\" data-end=\"2477\"\/> <strong data-start=\"2477\" data-end=\"2494\">Ligne 8 et 10<\/strong> : La Motte-Picquet Grenelle<\/p>\n<p>Et les bus dans tout \u00e7a ?<\/p>\n<p data-start=\"2555\" data-end=\"2740\">L\u00e0, c\u2019est simple : rideau \u00e0 <strong data-start=\"2583\" data-end=\"2590\">22h<\/strong> pour tout le monde, les <strong data-start=\"2615\" data-end=\"2635\">13 et 14 juillet<\/strong>. Que vous soyez \u00e0 Montreuil, Ivry ou Neuilly, il vous faudra rentrer \u00e0 pied ou vous battre pour un Uber. De mani\u00e8re g\u00e9n\u00e9rale, le\u00a0<strong>service de bus et de tramway s&rsquo;arr\u00eate \u00e0 22 heures les 13 et 14 juillet 2025<\/strong>. En revanche, le m\u00e9tro et le RER circulent aux horaires habituels.<\/p>\n","protected":false},"excerpt":{"rendered":"Chaque ann\u00e9e, c\u2019est la m\u00eame partition : d\u2019un c\u00f4t\u00e9, la Tour Eiffel qui s\u2019embrase dans un final wagn\u00e9rien,&hellip;\n","protected":false},"author":2,"featured_media":246580,"comment_status":"","ping_status":"","sticky":false,"template":"","format":"standard","meta":{"footnotes":""},"categories":[1888],"tags":[1111,1928,11,1927,12059,12058,1777,674,1011,27,12,1926,626,1925,25,586],"class_list":{"0":"post-246579","1":"post","2":"type-post","3":"status-publish","4":"format-standard","5":"has-post-thumbnail","7":"category-paris","8":"tag-actu","9":"tag-actu-paris","10":"tag-actualites","11":"tag-actualites-paris","12":"tag-actualites-transport-et-voyage","13":"tag-categories-voyage","14":"tag-eu","15":"tag-europe","16":"tag-fr","17":"tag-france","18":"tag-news","19":"tag-news-paris","20":"tag-paris","21":"tag-paris-news","22":"tag-republique-francaise","23":"tag-voyage"},"share_on_mastodon":{"url":"https:\/\/pubeurope.com\/@fr\/114844556512950935","error":""},"_links":{"self":[{"href":"https:\/\/www.europesays.com\/fr\/wp-json\/wp\/v2\/posts\/246579","targetHints":{"allow":["GET"]}}],"collection":[{"href":"https:\/\/www.europesays.com\/fr\/wp-json\/wp\/v2\/posts"}],"about":[{"href":"https:\/\/www.europesays.com\/fr\/wp-json\/wp\/v2\/types\/post"}],"author":[{"embeddable":true,"href":"https:\/\/www.europesays.com\/fr\/wp-json\/wp\/v2\/users\/2"}],"replies":[{"embeddable":true,"href":"https:\/\/www.europesays.com\/fr\/wp-json\/wp\/v2\/comments?post=246579"}],"version-history":[{"count":0,"href":"https:\/\/www.europesays.com\/fr\/wp-json\/wp\/v2\/posts\/246579\/revisions"}],"wp:featuredmedia":[{"embeddable":true,"href":"https:\/\/www.europesays.com\/fr\/wp-json\/wp\/v2\/media\/246580"}],"wp:attachment":[{"href":"https:\/\/www.europesays.com\/fr\/wp-json\/wp\/v2\/media?parent=246579"}],"wp:term":[{"taxonomy":"category","embeddable":true,"href":"https:\/\/www.europesays.com\/fr\/wp-json\/wp\/v2\/categories?post=246579"},{"taxonomy":"post_tag","embeddable":true,"href":"https:\/\/www.europesays.com\/fr\/wp-json\/wp\/v2\/tags?post=246579"}],"curies":[{"name":"wp","href":"https:\/\/api.w.org\/{rel}","templated":true}]}}