{"id":24658,"date":"2025-04-14T16:18:12","date_gmt":"2025-04-14T16:18:12","guid":{"rendered":"https:\/\/www.europesays.com\/fr\/24658\/"},"modified":"2025-04-14T16:18:12","modified_gmt":"2025-04-14T16:18:12","slug":"la-campagne-bat-son-plein-avec-un-accent-mis-sur-le-handicap","status":"publish","type":"post","link":"https:\/\/www.europesays.com\/fr\/24658\/","title":{"rendered":"la campagne bat son plein, avec un accent mis sur le handicap"},"content":{"rendered":"<p>Ria El Ouarechi, responsable de l\u2019information jeunesse \u00e0 la Ville de Schiltigheim, le sait\u00a0: tous les dossiers vont arriver les deux derniers jours de la campagne de recrutement des jobs d\u2019\u00e9t\u00e9 dans les services municipaux, qui s\u2019ach\u00e8ve le 23\u00a0avril \u00e0 18\u00a0h. Les ados, quoi.<\/p>\n<p>Avant cette date butoir, la commune, par l\u2019interm\u00e9diaire de son service enfance-jeunesse, m\u00e8ne tambour battant la campagne pour attribuer une quarantaine d\u2019emplois estivaux\u00a0: permanences au <a href=\"https:\/\/www.dna.fr\/societe\/2024\/12\/10\/lycee-marc-bloch-une-fresque-sur-l-amitie-franco-allemande\" target=\"_blank\" rel=\"nofollow noopener\">lyc\u00e9e Marc-Bloch<\/a> , \u00ab\u00a0stages\u00a0\u00bb pour apprendre \u00e0 \u00e9crire une lettre de motivation ou r\u00e9aliser un CV ou encore un forum, lundi 7\u00a0avril dernier.<\/p>\n<p>Ce temps, men\u00e9 avec la Ville de Bischheim, l\u2019\u00c9tat et la R\u00e9gion Grand Est, a rassembl\u00e9 230 participants au gymnase Lamartine de Schiltigheim. Et a permis \u00e0 des jeunes majeurs, pas concern\u00e9s par le dispositif des jobs d\u2019\u00e9t\u00e9, de rencontrer une dizaine d\u2019entreprises. Une mani\u00e8re de \u00ab\u00a0r\u00e9pondre \u00e0 la demande\u00a0\u00bb des jeunes, explique Ria El Ouarechi.<\/p>\n<p>  Ouvert \u00e0 tous<\/p>\n<p>De la demande, en revanche, il n\u2019y en a pas du c\u00f4t\u00e9 des jeunes en <a href=\"https:\/\/www.dna.fr\/societe\/2025\/01\/24\/strasbourg-la-prise-en-compte-du-handicap-une-longue-bataille-urbaine\" target=\"_blank\" rel=\"nofollow noopener\">situation de handicap<\/a>. Pourtant les jobs d\u2019\u00e9t\u00e9 leur ont toujours \u00e9t\u00e9 ouverts, rappelle Ria El Ouarechi. Et, de leur c\u00f4t\u00e9, les recherches d\u2019emploi se soldent souvent par des \u00e9checs. Selon <a href=\"https:\/\/www.dna.fr\/societe\/2025\/02\/05\/handicap-une-marche-symbolique-pour-promouvoir-l-accessibilite\" target=\"_blank\" rel=\"nofollow noopener\">l\u2019association APF France Handicap<\/a> , en 2021, le taux de ch\u00f4mage des jeunes en situation de handicap avoisinait les 34\u00a0% contre 20,8\u00a0% pour l\u2019ensemble des 15-24 ans.<\/p>\n<p>Le service a donc d\u00e9cid\u00e9 de tourner une partie de sa communication \u00e0 leur destination, en contactant directement les \u00e9ducateurs ou les structures qui les accueillent. \u00ab\u00a0Il faut qu\u2019on pense \u00e0 eux aussi, glisse Ria El Ouarechi. Ce n\u2019est pas qu\u2019aux familles et aux jeunes de se mobiliser.\u00a0\u00bb<\/p>\n<p>\u00c0 quel emploi peuvent-ils aspirer\u00a0? \u00ab\u00a0Cela d\u00e9pendra du handicap\u00a0\u00bb, r\u00e9pond la responsable. Elle cite notamment des postes \u00ab\u00a0techniques\u00a0\u00bb pour ceux ayant \u00ab\u00a0du mal \u00e0 s\u2019exprimer\u00a0\u00bb ou encore de \u00ab\u00a0l\u2019aide \u00e0 l\u2019animation\u00a0\u00bb pour les malvoyants.<\/p>\n<p class=\"note\">Fin des candidatures le 23\u00a0avril \u00e0 18\u00a0h. Dossier disponible \u00e0 la Maison du jeune citoyen, \u00e0 la mission locale, dans les centres sociaux ou en ligne. \u00c0 d\u00e9poser uniquement \u00e0 la Maison du jeune citoyen, 7, rue des Pompiers \u00e0 Schiltigheim. Emplois ouverts \u00e0 tous les Schilikois de 16 \u00e0 18 ans, scolaris\u00e9s ou non.<\/p>\n","protected":false},"excerpt":{"rendered":"Ria El Ouarechi, responsable de l\u2019information jeunesse \u00e0 la Ville de Schiltigheim, le sait\u00a0: tous les dossiers vont&hellip;\n","protected":false},"author":2,"featured_media":24659,"comment_status":"","ping_status":"","sticky":false,"template":"","format":"standard","meta":{"footnotes":""},"categories":[2820],"tags":[1111,11,2880,341,1777,674,107,1011,27,775,1943,12,25,5512,801,104,640,3265],"class_list":{"0":"post-24658","1":"post","2":"type-post","3":"status-publish","4":"format-standard","5":"has-post-thumbnail","7":"category-strasbourg","8":"tag-actu","9":"tag-actualites","10":"tag-edition-strasbourg","11":"tag-emploi","12":"tag-eu","13":"tag-europe","14":"tag-fil-info","15":"tag-fr","16":"tag-france","17":"tag-grand-est","18":"tag-handicap","19":"tag-news","20":"tag-republique-francaise","21":"tag-schiltigheim","22":"tag-social","23":"tag-societe","24":"tag-strasbourg","25":"tag-strasbourg-nord"},"share_on_mastodon":{"url":"https:\/\/pubeurope.com\/@fr\/114337225329523947","error":""},"_links":{"self":[{"href":"https:\/\/www.europesays.com\/fr\/wp-json\/wp\/v2\/posts\/24658","targetHints":{"allow":["GET"]}}],"collection":[{"href":"https:\/\/www.europesays.com\/fr\/wp-json\/wp\/v2\/posts"}],"about":[{"href":"https:\/\/www.europesays.com\/fr\/wp-json\/wp\/v2\/types\/post"}],"author":[{"embeddable":true,"href":"https:\/\/www.europesays.com\/fr\/wp-json\/wp\/v2\/users\/2"}],"replies":[{"embeddable":true,"href":"https:\/\/www.europesays.com\/fr\/wp-json\/wp\/v2\/comments?post=24658"}],"version-history":[{"count":0,"href":"https:\/\/www.europesays.com\/fr\/wp-json\/wp\/v2\/posts\/24658\/revisions"}],"wp:featuredmedia":[{"embeddable":true,"href":"https:\/\/www.europesays.com\/fr\/wp-json\/wp\/v2\/media\/24659"}],"wp:attachment":[{"href":"https:\/\/www.europesays.com\/fr\/wp-json\/wp\/v2\/media?parent=24658"}],"wp:term":[{"taxonomy":"category","embeddable":true,"href":"https:\/\/www.europesays.com\/fr\/wp-json\/wp\/v2\/categories?post=24658"},{"taxonomy":"post_tag","embeddable":true,"href":"https:\/\/www.europesays.com\/fr\/wp-json\/wp\/v2\/tags?post=24658"}],"curies":[{"name":"wp","href":"https:\/\/api.w.org\/{rel}","templated":true}]}}