{"id":246583,"date":"2025-07-13T06:41:09","date_gmt":"2025-07-13T06:41:09","guid":{"rendered":"https:\/\/www.europesays.com\/fr\/246583\/"},"modified":"2025-07-13T06:41:09","modified_gmt":"2025-07-13T06:41:09","slug":"ballet-de-1000-drones-concert-feu-dartifice-les-festivites-prevues-pour-le-14-juillet-2025-a-paris","status":"publish","type":"post","link":"https:\/\/www.europesays.com\/fr\/246583\/","title":{"rendered":"Ballet de 1000 drones, concert, feu d&rsquo;artifice&#8230; Les festivit\u00e9s pr\u00e9vues pour le 14-Juillet 2025 \u00e0 Paris"},"content":{"rendered":"<p>            Par<br \/>\n        <strong><br \/>\n            <a href=\"https:\/\/actu.fr\/auteur\/redaction-paris\" title=\"Consulter tous les articles de R\u00e9daction Paris\" rel=\"nofollow noopener\" target=\"_blank\">R\u00e9daction Paris<\/a><br \/>\n        <\/strong><\/p>\n<p>        Publi\u00e9 le<\/p>\n<p>            13 juil. 2025 \u00e0 7h32        <\/p>\n<p><strong>D\u00e9fil\u00e9 militaire<\/strong>, concert du Champ-de-Mars, ballet de drones, feu d\u2019artifice\u2026 Voici ce qu\u2019il faut savoir sur la cuv\u00e9e 2025 de la f\u00eate nationale \u00e0 <a href=\"https:\/\/actu.fr\/paris\/\" rel=\"nofollow noopener\" target=\"_blank\">Paris<\/a>.<\/p>\n<p>Un spectacle pyrotechnique avec 1000 drones\u00a0<\/p>\n<p class=\" wall-content\">Dans la matin\u00e9e, ce sont <strong>7\u2009000 personnes<\/strong> qui vont d\u00e9filer sur les Champs-\u00c9lys\u00e9es. Une grande procession, dont tous les temps forts ont \u00e9t\u00e9 pr\u00e9sent\u00e9s par le Gouverneur militaire de Paris, Lo\u00efc Mizon, le 10 juin dernier, et que nous avons r\u00e9capitul\u00e9 dans <a href=\"https:\/\/actu.fr\/ile-de-france\/paris_75056\/le-defile-du-14-juillet-renoue-avec-les-traditions-en-2025-a-paris-a-quoi-s-attendre_62750040.html\" rel=\"nofollow noopener\" target=\"_blank\">un article consacr\u00e9<\/a>.\u00a0<\/p>\n<p class=\" wall-content\">Ensuite, pour esp\u00e9rer avoir de la place, il faudra se diriger vers le Champ-de-Mars (7e) \u2013 au moins avant 20 heures \u2013 puisque la 12e \u00e9dition du grand concert symphonique de la capitale d\u00e9marrera <strong>d\u00e8s 21 heures<\/strong>. Un \u00e9v\u00e9nement organis\u00e9 par l\u2019Orchestre National de France, la Ma\u00eetrise et le Ch\u0153ur de Radio France. Il sera \u00e9galement \u00e0 suivre en direct sur France 2 et France Inter.\u00a0<\/p>\n<p class=\" wall-content\">Le \u00ab\u00a0Concert de Paris\u00a0\u00bb sera suivi, \u00e0 partir de 23 heures, du traditionnel feu d\u2019artifice et d\u2019un <strong>ballet de 1000 drones<\/strong>, comme lors des Jeux olympiques. Pour y assister, la Ville conseille trois spots : le Champ de Mars, le Trocad\u00e9ro (16e) ou les quais de Seine.<\/p>\n<p class=\" wall-content\">Le spectacle pyrotechnique, d\u2019environ 30 minutes, sera d\u00e9coup\u00e9 en <strong>quatre grandes s\u00e9quences et 11 tableaux<\/strong>, mettant \u00e0 l\u2019honneur \u00ab la Seine, les 10 ans de l\u2019Accord de Paris, le Br\u00e9sil et les valeurs de la capitale \u00bb, \u00e0 l\u2019occasion de la saison France \u2013 Br\u00e9sil. Une soir\u00e9e orchestr\u00e9e par le Groupe F, avec <strong>120 postes de tirs<\/strong>, dont 80 install\u00e9s directement sur la tour Eiffel et 50 projecteurs \u00e0 son pied.\u00a0 \u00a0<\/p>\n<p>Vid\u00e9os : en ce moment sur Actu<\/p>\n<p class=\" wall-content\">Pour les amateurs de bals populaires, <a href=\"https:\/\/actu.fr\/ile-de-france\/paris_75056\/bal-des-pompiers-ou-et-quand-venir-faire-la-fete-dans-les-casernes-a-paris-et-en-petite-couronne_62895641.html\" rel=\"nofollow noopener\" target=\"_blank\">voici les casernes<\/a> qui ouvrent leurs portes les 12 et 13 juillet 2025 \u00e0 Paris et en petite couronne.<\/p>\n<p class=\" wall-content\">Suivez toute l\u2019actualit\u00e9 de vos villes et m\u00e9dias favoris en vous inscrivant \u00e0 <a href=\"https:\/\/moncompte.actu.fr\" title=\"D\u00e9couvez Mon Actu\" rel=\"nofollow noopener\" data-trk=\"{&quot;cta&quot;:{&quot;action&quot;:&quot;https:\\\/\\\/moncompte.actu.fr&quot;,&quot;category&quot;:&quot;mon compte&quot;,&quot;from&quot;:&quot;article footer&quot;,&quot;name&quot;:&quot;Mon actu&quot;,&quot;type&quot;:&quot;cta&quot;}}\" target=\"_blank\">Mon Actu<\/a>.<\/p>\n","protected":false},"excerpt":{"rendered":"Par R\u00e9daction Paris Publi\u00e9 le 13 juil. 2025 \u00e0 7h32 D\u00e9fil\u00e9 militaire, concert du Champ-de-Mars, ballet de drones,&hellip;\n","protected":false},"author":2,"featured_media":246584,"comment_status":"","ping_status":"","sticky":false,"template":"","format":"standard","meta":{"footnotes":""},"categories":[1888],"tags":[11,1697,1777,674,16701,1011,27,1652,12,626,25],"class_list":{"0":"post-246583","1":"post","2":"type-post","3":"status-publish","4":"format-standard","5":"has-post-thumbnail","7":"category-paris","8":"tag-actualites","9":"tag-concert","10":"tag-eu","11":"tag-europe","12":"tag-feu-dartifice","13":"tag-fr","14":"tag-france","15":"tag-loisirs-culture","16":"tag-news","17":"tag-paris","18":"tag-republique-francaise"},"share_on_mastodon":{"url":"https:\/\/pubeurope.com\/@fr\/114844564614973911","error":""},"_links":{"self":[{"href":"https:\/\/www.europesays.com\/fr\/wp-json\/wp\/v2\/posts\/246583","targetHints":{"allow":["GET"]}}],"collection":[{"href":"https:\/\/www.europesays.com\/fr\/wp-json\/wp\/v2\/posts"}],"about":[{"href":"https:\/\/www.europesays.com\/fr\/wp-json\/wp\/v2\/types\/post"}],"author":[{"embeddable":true,"href":"https:\/\/www.europesays.com\/fr\/wp-json\/wp\/v2\/users\/2"}],"replies":[{"embeddable":true,"href":"https:\/\/www.europesays.com\/fr\/wp-json\/wp\/v2\/comments?post=246583"}],"version-history":[{"count":0,"href":"https:\/\/www.europesays.com\/fr\/wp-json\/wp\/v2\/posts\/246583\/revisions"}],"wp:featuredmedia":[{"embeddable":true,"href":"https:\/\/www.europesays.com\/fr\/wp-json\/wp\/v2\/media\/246584"}],"wp:attachment":[{"href":"https:\/\/www.europesays.com\/fr\/wp-json\/wp\/v2\/media?parent=246583"}],"wp:term":[{"taxonomy":"category","embeddable":true,"href":"https:\/\/www.europesays.com\/fr\/wp-json\/wp\/v2\/categories?post=246583"},{"taxonomy":"post_tag","embeddable":true,"href":"https:\/\/www.europesays.com\/fr\/wp-json\/wp\/v2\/tags?post=246583"}],"curies":[{"name":"wp","href":"https:\/\/api.w.org\/{rel}","templated":true}]}}