{"id":246593,"date":"2025-07-13T06:46:09","date_gmt":"2025-07-13T06:46:09","guid":{"rendered":"https:\/\/www.europesays.com\/fr\/246593\/"},"modified":"2025-07-13T06:46:09","modified_gmt":"2025-07-13T06:46:09","slug":"je-nai-jamais-connu-un-tel-soutien-peter-gerhardsson-selectionneur-de-la-suede-apres-la-victoire-contre-lallemagne-a-leuro-lequipe","status":"publish","type":"post","link":"https:\/\/www.europesays.com\/fr\/246593\/","title":{"rendered":"\u00ab Je n&#039;ai jamais connu un tel soutien \u00bb : Peter Gerhardsson, s\u00e9lectionneur de la Su\u00e8de, apr\u00e8s la victoire contre l&#039;Allemagne \u00e0 l&#039;Euro &#8211; L&#039;\u00c9quipe"},"content":{"rendered":"<ol>\n<li><a href=\"https:\/\/news.google.com\/rss\/articles\/CBMiiAJBVV95cUxQSTlJd3dEUmw2RTBVc2pEMHo5ZHNvTTBid3B6X01yUUp6VWM0NG10VzRBUGZ5MGV4MVQ4QTh0YnJyV2c0OWhpS3AzWHQxVEl3Y1RJclYzQ21wbHRLbHpUZ1hGdzBPUUt3U1hBcFByQ0ItRlN0QVZBTDF1RThNY1MtcGhRb3J2WUdvTUpNeXVWSTZ4ZWlSTS0yRi0wSHJnelFDTTYyMGRDMVppcF9qT3MzSG5CWXlvaE80TXpjMzRYYzVoWGpTdTBEQTRRRl9Gam1qMFpELXZHa2tyNi1lblRqcEo0N2ZwTFFEWWtzVlZlWXBtTWVVSGtDbnloaUlZcS1pVzMwUFVxMkg?oc=5\" target=\"_blank\" rel=\"nofollow noopener\">\u00ab Je n&rsquo;ai jamais connu un tel soutien \u00bb : Peter Gerhardsson, s\u00e9lectionneur de la Su\u00e8de, apr\u00e8s la victoire contre l&rsquo;Allemagne \u00e0 l&rsquo;Euro<\/a>&nbsp;&nbsp;L&rsquo;\u00c9quipe<\/li>\n<li><a href=\"https:\/\/news.google.com\/rss\/articles\/CBMivwFBVV95cUxPNEhaSlZMTUlJc2h5YTlrb2p4VHZ0UjRpYi1TUGdRRmFmWDZaTjZ2TXdybHdRUEtXWXlhZ21aeVBObnhacHNLR0tQdl8wN2RsMnUxT0VTYTVKWFVGaXBoYmdvYURaTEU3RkFTNjFxUkxEZ291Sms4Q1IzQWpObzRBSEpna2dlMGRTSUJ0QXJ2UnExZWZ1X3BjcTVHWDJ6dXJQS3R0QUNhX2FfYlhibjBzN25vQkEwdEpQX2h1LUdLMNIBvgFBVV95cUxNUVdQeGVoMzNTWlFfa09ZejF0Tldsb0kwMmZfcTJ1aEJRbHBFZXhlaEY0cUVPampXeWpNc3hkUm0wRVg5ME9CdWF3OUhDVmxQNl9XOWJ6cFZtb0NVUV9ieXoxaG8yckxTdWdMUHoyVWQ1bGdBTHFzblEyY01HZ3lrMjduZmZJNzVGbkF5dXl2NU9oTnF4VEd2ZG02dnJhQzJKVE1IUXJNaGQ2c2hDUm9SbE9CTHpqM1R1STZZNXVB?oc=5\" target=\"_blank\" rel=\"nofollow noopener\">Euro 2025 (F) : La Su\u00e8de gifle l&rsquo;Allemagne<\/a>&nbsp;&nbsp;Orange Actualit\u00e9s | Sports<\/li>\n<li><a href=\"https:\/\/news.google.com\/rss\/articles\/CBMiuwFBVV95cUxNVExPYnZXLXZhZHNJTGNIOXZIeXpMUzZ3VEVwVlJvNld6WDM3TFhxOXp1M3I5bXlZMVdPVTctLUloRmZGc1k5VTVfc1JieGVuZE4zTTIzdHNVUHNOOUZnRTlDbGR2dEs2a1Z6aWY1SzFXajYyYXdoWURoMjlON2pfcWtIN050VkQ2Rm9yVUREa1h0b0V6Y3Vhd2FMWE52c3daYk9qNWtWaUdZUzVFWmdkbHQ1Y1BSZU9CSWhj?oc=5\" target=\"_blank\" rel=\"nofollow noopener\">Euro-2025: la Su\u00e8de domine l&rsquo;Allemagne et le groupe C<\/a>&nbsp;&nbsp;Eurosport<\/li>\n<li><a href=\"https:\/\/news.google.com\/rss\/articles\/CBMi6AFBVV95cUxPc3V6czQwcWItaEFFc2Z5T2ZCRjF2NEltYVZqbEpHc09jLS1uSFExZVg1T1FJZy1XR25YN0RVRTRaQXhlbjFVejZseWQzM19VN3EtTnFtWjUyVmdnSThSaEFDNXoyUXVlMVlsTllINGxmbWNlcV9pRnJ5TWthaV9kMC13LUY5eV9KaUFaWUkyd1ptV0NfeF9RMHJOa3ZFczR0WEE4OUVmVUFMcm5uZm83RUJLeEJxTy1NQW5BWGxZLTZFQ1hYRi16bTRoMF9xeERGWFMwbWhWVEllQUZLeXZZbTVZQm1xRmpM?oc=5\" target=\"_blank\" rel=\"nofollow noopener\">Euro (f) : la Su\u00e8de renverse l\u2019Allemagne dans un match fou, la Pologne sauve l\u2019honneur, le Danemark sombre<\/a>&nbsp;&nbsp;Foot Mercato<\/li>\n<li><a href=\"https:\/\/news.google.com\/rss\/articles\/CBMiygFBVV95cUxOdk5QSVQyZWtMMWtwcHZPc0VUZ0tzRmlhWGhYNnNmR0UzblNSMFVJMXo4Y3JMZDJrSHFmYS1LbGQ3cmQtMHRmSFRhUDAxMlNMdnhwNzFUcnZzMFZVNkJ0M0VoV2o1MjFHc2s3bEZQTjA2V0FYUVh3Q1J4bGRUQVNEZXVib0I2QUI2VVY2SGtyZnlCSG56eG1Ya1k2TmFqXzVXYkNpYk5RM3dabTN2d09PZ3NuWktyRG9KY1NmbjFNOXVrcEU3bGFkbmpB?oc=5\" target=\"_blank\" rel=\"nofollow noopener\">Euro f\u00e9minin : la Su\u00e8de sans piti\u00e9 pour l\u2019Allemagne pour remporter le groupe C<\/a>&nbsp;&nbsp;Le Figaro<\/li>\n<\/ol>\n","protected":false},"excerpt":{"rendered":"\u00ab Je n&rsquo;ai jamais connu un tel soutien \u00bb : Peter Gerhardsson, s\u00e9lectionneur de la Su\u00e8de, apr\u00e8s la&hellip;\n","protected":false},"author":2,"featured_media":246594,"comment_status":"","ping_status":"","sticky":false,"template":"","format":"standard","meta":{"footnotes":""},"categories":[1587],"tags":[11,672,1804,1805,1803,1777,674,1801,12,1802],"class_list":{"0":"post-246593","1":"post","2":"type-post","3":"status-publish","4":"format-standard","5":"has-post-thumbnail","7":"category-allemagne","8":"tag-actualites","9":"tag-allemagne","10":"tag-bundesrepublik-deutschland","11":"tag-de","12":"tag-deutschland","13":"tag-eu","14":"tag-europe","15":"tag-germany","16":"tag-news","17":"tag-republique-federale-dallemagne"},"share_on_mastodon":{"url":"https:\/\/pubeurope.com\/@fr\/114844584044515531","error":""},"_links":{"self":[{"href":"https:\/\/www.europesays.com\/fr\/wp-json\/wp\/v2\/posts\/246593","targetHints":{"allow":["GET"]}}],"collection":[{"href":"https:\/\/www.europesays.com\/fr\/wp-json\/wp\/v2\/posts"}],"about":[{"href":"https:\/\/www.europesays.com\/fr\/wp-json\/wp\/v2\/types\/post"}],"author":[{"embeddable":true,"href":"https:\/\/www.europesays.com\/fr\/wp-json\/wp\/v2\/users\/2"}],"replies":[{"embeddable":true,"href":"https:\/\/www.europesays.com\/fr\/wp-json\/wp\/v2\/comments?post=246593"}],"version-history":[{"count":0,"href":"https:\/\/www.europesays.com\/fr\/wp-json\/wp\/v2\/posts\/246593\/revisions"}],"wp:featuredmedia":[{"embeddable":true,"href":"https:\/\/www.europesays.com\/fr\/wp-json\/wp\/v2\/media\/246594"}],"wp:attachment":[{"href":"https:\/\/www.europesays.com\/fr\/wp-json\/wp\/v2\/media?parent=246593"}],"wp:term":[{"taxonomy":"category","embeddable":true,"href":"https:\/\/www.europesays.com\/fr\/wp-json\/wp\/v2\/categories?post=246593"},{"taxonomy":"post_tag","embeddable":true,"href":"https:\/\/www.europesays.com\/fr\/wp-json\/wp\/v2\/tags?post=246593"}],"curies":[{"name":"wp","href":"https:\/\/api.w.org\/{rel}","templated":true}]}}