{"id":246595,"date":"2025-07-13T06:47:12","date_gmt":"2025-07-13T06:47:12","guid":{"rendered":"https:\/\/www.europesays.com\/fr\/246595\/"},"modified":"2025-07-13T06:47:12","modified_gmt":"2025-07-13T06:47:12","slug":"que-peut-elle-faire-contre-nous","status":"publish","type":"post","link":"https:\/\/www.europesays.com\/fr\/246595\/","title":{"rendered":"que peut-elle faire contre nous\u00a0?"},"content":{"rendered":"<p>            Par<br \/>\n        <strong><br \/>\n            <a href=\"https:\/\/actu.fr\/auteur\/maxime-ponsot\" title=\"Consulter tous les articles de Maxime Ponsot\" target=\"_blank\" rel=\"noopener\">Maxime Ponsot<\/a><br \/>\n        <\/strong><\/p>\n<p>        Publi\u00e9 le<\/p>\n<p>            11 juil. 2025 \u00e0 14h43        <\/p>\n<p><strong>Tout droit du Kremlin.<\/strong> Moscou a identifi\u00e9 la France comme \u00e9tant \u00ab\u2009son principal adversaire en Europe\u2009\u00bb, a d\u00e9clar\u00e9 ce vendredi 11 juillet 2025 le chef d\u2019\u00e9tat-major fran\u00e7ais Thierry Burkhard, en l\u2019expliquant notamment par le soutien de Paris \u00e0 <a href=\"https:\/\/actu.fr\/monde\/guerre-en-ukraine-apres-trois-ans-de-conflit-arme-quel-bilan-humain_62284083.html\" target=\"_blank\" rel=\"noopener\">l\u2019Ukraine, envahie par la Russie<\/a>.<\/p>\n<p class=\" wall-content\">\u00ab\u2009C\u2019est [Vladimir] Poutine qui a dit\u2009\u00bb cela, a soulign\u00e9 le g\u00e9n\u00e9ral lors d\u2019une rare conf\u00e9rence de presse consacr\u00e9e aux menaces planant sur la France. \u00ab\u2009Cela ne veut pas dire qu\u2019il ne s\u2019occupe pas des autres pays\u2009\u00bb, a-t-il ajout\u00e9.<\/p>\n<p>Pas menac\u00e9s par une attaque directe<\/p>\n<p class=\" wall-content\">Pr\u00e9cision de rigueur : la France, <strong>puissance nucl\u00e9aire prot\u00e9g\u00e9e par sa dissuasion<\/strong>, <a href=\"https:\/\/actu.fr\/monde\/vladimir-poutine-joue-a-la-3e-guerre-mondiale-la-russie-peut-elle-vraiment-attaquer-l-europe_62330613.html\" target=\"_blank\" rel=\"noopener\">n\u2019est pas menac\u00e9e<\/a> de \u00ab\u2009se faire attaquer directement et lourdement sur le territoire national\u2009\u00bb. Mais la Russie a \u00ab\u2009beaucoup d\u2019autres options\u2009\u00bb via des actions hybrides, incluant d\u00e9sinformation, cyberattaques ou espionnage, a-t-il fait valoir.<\/p>\n<p class=\" wall-content\">\u00ab\u2009Puissance de nuisance\u2009\u00bb, <a href=\"https:\/\/actu.fr\/monde\/la-russie-va-bientot-donner-ses-conditions-pour-mettre-fin-a-son-offensive-en-ukraine_62682515.html\" target=\"_blank\" rel=\"noopener\">la Russie<\/a> \u00ab\u2009est partie prenante de toutes les menaces\u2009\u00bb. Que ce soit les sabotages d\u2019infrastructures sous-marines, les campagnes de d\u00e9sinformation en France ou en Afrique, des actes d\u2019espionnage\u2026 Ou encore dans l\u2019espace, avec \u00ab\u2009les man\u0153uvres de satellites russes soit pour g\u00eaner nos trajectoires de satellites, soit pour s\u2019approcher pour les brouiller, soit pour s\u2019approcher pour les espionner\u2009\u00bb.<\/p>\n<p>Vid\u00e9os : en ce moment sur ActuDes frictions sur la mer et dans les airs<\/p>\n<p class=\" wall-content\">S\u2019agissant des espaces maritimes, le haut grad\u00e9 a \u00e9voqu\u00e9 \u00ab\u00a0les sous-marins nucl\u00e9aires d\u2019attaque russe qui, r\u00e9guli\u00e8rement, p\u00e9n\u00e8trent en Atlantique Nord et ensuite descendent quelquefois en M\u00e9diterran\u00e9e\u00a0\u00bb et \u00ab\u00a0qui cherchent \u00e9videmment \u00e0 surveiller les zones qui sont importantes pour nous mais \u00e9galement chez les Britanniques\u00a0\u00bb.<\/p>\n<p class=\" wall-content\">Le Royaume-Uni \u00e9tant un autre <a href=\"https:\/\/actu.fr\/monde\/la-guerre-en-ukraine-a-debute-il-y-a-trois-ans-ces-10-dates-cles-qui-ont-marque-le-conflit_62286161.html\" target=\"_blank\" rel=\"noopener\">soutien majeur de l\u2019Ukraine<\/a>. Et donc, de facto, une cible importante pour Moscou.<\/p>\n<p class=\" wall-content\">\u00ab\u2009Dans les airs, les frictions, les interactions sont fr\u00e9quentes\u2009\u00bb, avec les a\u00e9ronefs russes, a-t-il soulign\u00e9. En mer Noire, \u00ab\u2009au-dessus de la Syrie\u2009\u00bb, en M\u00e9diterran\u00e9e, \u00ab\u2009quelquefois assez loin en Atlantique Nord\u2009\u00bb.<\/p>\n<p class=\" wall-content\"><strong>(avec AFP)<\/strong><\/p>\n<p class=\" wall-content\">Suivez toute l\u2019actualit\u00e9 de vos villes et m\u00e9dias favoris en vous inscrivant \u00e0 <a href=\"https:\/\/moncompte.actu.fr\" title=\"D\u00e9couvez Mon Actu\" rel=\"nofollow noopener\" data-trk=\"{&quot;cta&quot;:{&quot;action&quot;:&quot;https:\\\/\\\/moncompte.actu.fr&quot;,&quot;category&quot;:&quot;mon compte&quot;,&quot;from&quot;:&quot;article footer&quot;,&quot;name&quot;:&quot;Mon actu&quot;,&quot;type&quot;:&quot;cta&quot;}}\" target=\"_blank\">Mon Actu<\/a>.<\/p>\n","protected":false},"excerpt":{"rendered":"Par Maxime Ponsot Publi\u00e9 le 11 juil. 2025 \u00e0 14h43 Tout droit du Kremlin. Moscou a identifi\u00e9 la&hellip;\n","protected":false},"author":2,"featured_media":246596,"comment_status":"","ping_status":"","sticky":false,"template":"","format":"standard","meta":{"footnotes":""},"categories":[1586],"tags":[11,1777,674,1011,27,131,74,12,25,132,135],"class_list":{"0":"post-246595","1":"post","2":"type-post","3":"status-publish","4":"format-standard","5":"has-post-thumbnail","7":"category-europe","8":"tag-actualites","9":"tag-eu","10":"tag-europe","11":"tag-fr","12":"tag-france","13":"tag-guerre-en-ukraine","14":"tag-monde","15":"tag-news","16":"tag-republique-francaise","17":"tag-russie","18":"tag-vladimir-poutine"},"share_on_mastodon":{"url":"https:\/\/pubeurope.com\/@fr\/114844588035585037","error":""},"_links":{"self":[{"href":"https:\/\/www.europesays.com\/fr\/wp-json\/wp\/v2\/posts\/246595","targetHints":{"allow":["GET"]}}],"collection":[{"href":"https:\/\/www.europesays.com\/fr\/wp-json\/wp\/v2\/posts"}],"about":[{"href":"https:\/\/www.europesays.com\/fr\/wp-json\/wp\/v2\/types\/post"}],"author":[{"embeddable":true,"href":"https:\/\/www.europesays.com\/fr\/wp-json\/wp\/v2\/users\/2"}],"replies":[{"embeddable":true,"href":"https:\/\/www.europesays.com\/fr\/wp-json\/wp\/v2\/comments?post=246595"}],"version-history":[{"count":0,"href":"https:\/\/www.europesays.com\/fr\/wp-json\/wp\/v2\/posts\/246595\/revisions"}],"wp:featuredmedia":[{"embeddable":true,"href":"https:\/\/www.europesays.com\/fr\/wp-json\/wp\/v2\/media\/246596"}],"wp:attachment":[{"href":"https:\/\/www.europesays.com\/fr\/wp-json\/wp\/v2\/media?parent=246595"}],"wp:term":[{"taxonomy":"category","embeddable":true,"href":"https:\/\/www.europesays.com\/fr\/wp-json\/wp\/v2\/categories?post=246595"},{"taxonomy":"post_tag","embeddable":true,"href":"https:\/\/www.europesays.com\/fr\/wp-json\/wp\/v2\/tags?post=246595"}],"curies":[{"name":"wp","href":"https:\/\/api.w.org\/{rel}","templated":true}]}}