{"id":246606,"date":"2025-07-13T06:54:18","date_gmt":"2025-07-13T06:54:18","guid":{"rendered":"https:\/\/www.europesays.com\/fr\/246606\/"},"modified":"2025-07-13T06:54:18","modified_gmt":"2025-07-13T06:54:18","slug":"dn1-cahors-xiii-signe-deux-joueurs-en-provenance-de-tonneins-rugby-a-xiii","status":"publish","type":"post","link":"https:\/\/www.europesays.com\/fr\/246606\/","title":{"rendered":"DN1 &#8211; Cahors XIII signe deux joueurs en provenance de Tonneins &#8211; Rugby \u00e0 XIII"},"content":{"rendered":"<p class=\"p1\" style=\"text-align: justify;\"><strong>Toujours engag\u00e9 en Division Nationale 1 la saison prochaine, le club de Cahors XIII vient de recruter Mike Melhout et Benjamin Gil en provenance de Tonneins XIII.<\/strong><\/p>\n<p class=\"p1\" style=\"text-align: justify;\">Avec quasiment 200 matchs de Super XIII \u00e0 son actif, Mike Melhout sera \u00e0 coup s\u00fbr une recrue de choix pour le groupe Lotois. Form\u00e9 \u00e0 l\u2019\u00e9cole villeneuvoise, il a \u00e9galement port\u00e9 les couleurs de Carpentras mais surtout d\u2019Avignon avec qui il a remport\u00e9 le titre de champion de France en 2018. V\u00e9ritable joueur polyvalent, il apportera toute son exp\u00e9rience et sa d\u00e9termination au groupe qui sera toujours dirig\u00e9 la saison prochaine par Christophe Canal.<\/p>\n<p class=\"p1\" style=\"text-align: justify;\">Benjamin Gil, capable de jouer deuxi\u00e8me ligne ou pilier, fait lui aussi le chemin de Tonneins \u00e0 Cahors pour la saison prochaine. D\u00e9butant le rugby \u00e0 XIII sur le tard apr\u00e8s une tr\u00e8s belle carri\u00e8re chez les jeunes en cyclisme sur piste (il a \u00e9t\u00e9 vice-champion du monde junior de keirin), il a port\u00e9 les couleurs de Pujols avant de poursuivre \u00e0 Tonneins o\u00f9 il a disput\u00e9 plusieurs saisons, d\u2019abord en DN1 avec le titre de champion de France en 2022 puis en \u00c9lite 2.<\/p>\n<blockquote class=\"instagram-media\" data-instgrm-captioned=\"\" data-instgrm-permalink=\"https:\/\/www.instagram.com\/p\/DLhQJM3NVe0\/?utm_source=ig_embed&amp;utm_campaign=loading\" data-instgrm-version=\"14\" style=\" background:#FFF; border:0; border-radius:3px; box-shadow:0 0 1px 0 rgba(0,0,0,0.5),0 1px 10px 0 rgba(0,0,0,0.15); margin: 1px; max-width:500px; min-width:326px; padding:0; width:99.375%; width:-webkit-calc(100% - 2px); width:calc(100% - 2px);\">\n<\/blockquote>\n<p>        <script async src=\"\/\/www.instagram.com\/embed.js\"><\/script><\/p>\n","protected":false},"excerpt":{"rendered":"Toujours engag\u00e9 en Division Nationale 1 la saison prochaine, le club de Cahors XIII vient de recruter Mike&hellip;\n","protected":false},"author":2,"featured_media":246607,"comment_status":"","ping_status":"","sticky":false,"template":"","format":"standard","meta":{"footnotes":""},"categories":[1416],"tags":[38607,38608,38609,1011,27,38610,479,2228,1468,2229,60],"class_list":{"0":"post-246606","1":"post","2":"type-post","3":"status-publish","4":"format-standard","5":"has-post-thumbnail","7":"category-rugby","8":"tag-benjamin-gil","9":"tag-cahors-lot-xiii","10":"tag-cahors-xiii","11":"tag-fr","12":"tag-france","13":"tag-mike-melhout","14":"tag-rugby","15":"tag-rugby-a-xiii","16":"tag-rugby-football","17":"tag-rugby-league","18":"tag-sports"},"share_on_mastodon":{"url":"https:\/\/pubeurope.com\/@fr\/114844615519219558","error":""},"_links":{"self":[{"href":"https:\/\/www.europesays.com\/fr\/wp-json\/wp\/v2\/posts\/246606","targetHints":{"allow":["GET"]}}],"collection":[{"href":"https:\/\/www.europesays.com\/fr\/wp-json\/wp\/v2\/posts"}],"about":[{"href":"https:\/\/www.europesays.com\/fr\/wp-json\/wp\/v2\/types\/post"}],"author":[{"embeddable":true,"href":"https:\/\/www.europesays.com\/fr\/wp-json\/wp\/v2\/users\/2"}],"replies":[{"embeddable":true,"href":"https:\/\/www.europesays.com\/fr\/wp-json\/wp\/v2\/comments?post=246606"}],"version-history":[{"count":0,"href":"https:\/\/www.europesays.com\/fr\/wp-json\/wp\/v2\/posts\/246606\/revisions"}],"wp:featuredmedia":[{"embeddable":true,"href":"https:\/\/www.europesays.com\/fr\/wp-json\/wp\/v2\/media\/246607"}],"wp:attachment":[{"href":"https:\/\/www.europesays.com\/fr\/wp-json\/wp\/v2\/media?parent=246606"}],"wp:term":[{"taxonomy":"category","embeddable":true,"href":"https:\/\/www.europesays.com\/fr\/wp-json\/wp\/v2\/categories?post=246606"},{"taxonomy":"post_tag","embeddable":true,"href":"https:\/\/www.europesays.com\/fr\/wp-json\/wp\/v2\/tags?post=246606"}],"curies":[{"name":"wp","href":"https:\/\/api.w.org\/{rel}","templated":true}]}}