{"id":246608,"date":"2025-07-13T06:55:10","date_gmt":"2025-07-13T06:55:10","guid":{"rendered":"https:\/\/www.europesays.com\/fr\/246608\/"},"modified":"2025-07-13T06:55:10","modified_gmt":"2025-07-13T06:55:10","slug":"jannik-peut-gagner-tous-les-grands-chelems","status":"publish","type":"post","link":"https:\/\/www.europesays.com\/fr\/246608\/","title":{"rendered":"\u00ab\u00a0Jannik peut gagner tous les Grands Chelems\u00a0\u00bb"},"content":{"rendered":"\n<p>\n            Wimbledon (H),\n        <\/p>\n<p>\n            L&rsquo;oeil de Mats Wilander\n        <\/p>\n<p> abonn\u00e9<\/p>\n<p>L&rsquo;oeil de Mats Wilander avant la finale Sinner-Alcaraz\u00a0: \u00ab\u00a0Jannik peut gagner tous les Grands Chelems\u00a0\u00bb<\/p>\n<p>Mats Wilander, ancien num\u00e9ro\u00a01 mondial et septuple vainqueur en Grand Chelem, pense que la qualit\u00e9 de d\u00e9placement de Jannik Sinner peut lui permettre de d\u00e9tr\u00f4ner Carlos Alcaraz, double tenant du titre sur le gazon londonien, lors de la finale de dimanche (17\u00a0heures).<\/p>\n","protected":false},"excerpt":{"rendered":"Wimbledon (H), L&rsquo;oeil de Mats Wilander abonn\u00e9 L&rsquo;oeil de Mats Wilander avant la finale Sinner-Alcaraz\u00a0: \u00ab\u00a0Jannik peut gagner&hellip;\n","protected":false},"author":2,"featured_media":246609,"comment_status":"","ping_status":"","sticky":false,"template":"","format":"standard","meta":{"footnotes":""},"categories":[1415],"tags":[1011,27,60,1467],"class_list":{"0":"post-246608","1":"post","2":"type-post","3":"status-publish","4":"format-standard","5":"has-post-thumbnail","7":"category-tennis","8":"tag-fr","9":"tag-france","10":"tag-sports","11":"tag-tennis"},"share_on_mastodon":{"url":"https:\/\/pubeurope.com\/@fr\/114844619402160630","error":""},"_links":{"self":[{"href":"https:\/\/www.europesays.com\/fr\/wp-json\/wp\/v2\/posts\/246608","targetHints":{"allow":["GET"]}}],"collection":[{"href":"https:\/\/www.europesays.com\/fr\/wp-json\/wp\/v2\/posts"}],"about":[{"href":"https:\/\/www.europesays.com\/fr\/wp-json\/wp\/v2\/types\/post"}],"author":[{"embeddable":true,"href":"https:\/\/www.europesays.com\/fr\/wp-json\/wp\/v2\/users\/2"}],"replies":[{"embeddable":true,"href":"https:\/\/www.europesays.com\/fr\/wp-json\/wp\/v2\/comments?post=246608"}],"version-history":[{"count":0,"href":"https:\/\/www.europesays.com\/fr\/wp-json\/wp\/v2\/posts\/246608\/revisions"}],"wp:featuredmedia":[{"embeddable":true,"href":"https:\/\/www.europesays.com\/fr\/wp-json\/wp\/v2\/media\/246609"}],"wp:attachment":[{"href":"https:\/\/www.europesays.com\/fr\/wp-json\/wp\/v2\/media?parent=246608"}],"wp:term":[{"taxonomy":"category","embeddable":true,"href":"https:\/\/www.europesays.com\/fr\/wp-json\/wp\/v2\/categories?post=246608"},{"taxonomy":"post_tag","embeddable":true,"href":"https:\/\/www.europesays.com\/fr\/wp-json\/wp\/v2\/tags?post=246608"}],"curies":[{"name":"wp","href":"https:\/\/api.w.org\/{rel}","templated":true}]}}