{"id":24661,"date":"2025-04-14T16:20:07","date_gmt":"2025-04-14T16:20:07","guid":{"rendered":"https:\/\/www.europesays.com\/fr\/24661\/"},"modified":"2025-04-14T16:20:07","modified_gmt":"2025-04-14T16:20:07","slug":"nice-des-centaines-de-voitures-de-collection-partout-en-ville-ce-quil-sest-passe","status":"publish","type":"post","link":"https:\/\/www.europesays.com\/fr\/24661\/","title":{"rendered":"Nice. Des centaines de voitures de collection partout en ville : ce qu&rsquo;il s&rsquo;est pass\u00e9"},"content":{"rendered":"<p>            Par<br \/>\n        <strong><br \/>\n            <a href=\"https:\/\/actu.fr\/auteur\/manon-reinhardt\" title=\"Consulter tous les articles de Manon Reinhardt\" rel=\"nofollow noopener\" target=\"_blank\">Manon Reinhardt<\/a><br \/>\n        <\/strong><\/p>\n<p>        Publi\u00e9 le<\/p>\n<p>            14 avr. 2025 \u00e0 11h47        <\/p>\n<p>Des voitures de collection partout. Des centaines de v\u00e9hicules anciens se trouvaient un peu partout en centre-ville, sur le quai des \u00c9tats-Unis ou sur la place Mass\u00e9na \u00e0 <a href=\"https:\/\/actu.fr\/provence-alpes-cote-d-azur\/nice_06088\" rel=\"nofollow noopener\" target=\"_blank\">Nice<\/a> (<a href=\"https:\/\/actu.fr\/provence-alpes-cote-d-azur\/alpes-maritimes_06\" rel=\"nofollow noopener\" target=\"_blank\">Alpes-Maritimes<\/a>), ce week-end du 12\u00a0avril 2025.<\/p>\n<p class=\" wall-content\">Il s\u2019agissait de deux \u00e9v\u00e9nements diff\u00e9rents autour du <strong>sport automobile<\/strong>. On vous explique.<\/p>\n<p>L\u2019arriv\u00e9e de la 34e \u00e9dition du Tour Auto<\/p>\n<p class=\" wall-content\">Mais que faisaient toutes ces voitures de collection en ville\u2009? Vous les avez sans doute crois\u00e9es lors de ce week-end, des v\u00e9hicules anciens ont pris d\u2019assaut la capitale azur\u00e9enne. Il s\u2019agissait de la 34e \u00e9dition du Tour Auto, dont Nice accueillait l\u2019arriv\u00e9e, ce samedi 12\u00a0avril 2025.<\/p>\n<p class=\" wall-content\">Cette comp\u00e9tition de voitures historiques, cr\u00e9\u00e9e en 1992 par Peter Auto, r\u00e9unit pr\u00e8s de <strong>240 v\u00e9hicules<\/strong> sur les routes de France. C\u2019est ici que la derni\u00e8re \u00e9tape a eu lieu sur un trac\u00e9 d\u2019environ 400\u00a0km et trois \u00e9preuves diff\u00e9rentes sur routes ferm\u00e9es. La derni\u00e8re conduisait \u00e0 l\u2019embl\u00e9matique promenade des Anglais.<\/p>\n<p class=\" wall-content\">\n<p class=\" wall-content\">Le parc ferm\u00e9 \u00e9tait situ\u00e9 sur le quai des \u00c9tats-Unis. C\u2019est l\u2019\u00e9quipage n\u00b0\u00a0212, Damien et Sylvie Kohler avec une Shelby Cobra 289 de 1965, qui a remport\u00e9 la comp\u00e9tition.<\/p>\n<p>Vid\u00e9os : en ce moment sur ActuEt le retour des \u00ab\u2009L\u00e9gendes de Nice\u2009\u00bb<\/p>\n<p class=\" wall-content\">Mais un autre \u00e9v\u00e9nement, sur le m\u00eame th\u00e8me, \u00e9tait organis\u00e9 sur la place Mass\u00e9na\u2009: \u00ab\u2009Les l\u00e9gendes de Nice\u2009\u00bb ont fait leur retour du 11 au 13\u00a0avril. Cette troisi\u00e8me \u00e9dition s\u2019est d\u00e9roul\u00e9e dans le jardin Albert 1er sur <strong>24\u2009000 m\u00b2<\/strong>.<\/p>\n<p class=\" wall-content\">\u00abLes deux premi\u00e8res \u00e9ditions des L\u00e9gendes de Nice ont \u00e9t\u00e9 une grande r\u00e9ussite, avec plus de 20\u2009000\u00a0visiteurs sur la Promenade des Anglais en 2024. Un succ\u00e8s qui conduit le Cavigal Auto-Moto, organisateur de l\u2019\u00e9v\u00e8nement avec le soutien de la Ville de Nice, \u00e0 donner une nouvelle dimension \u00e0 cet \u00e9v\u00e8nement\u2009\u00bb, pr\u00e9cisait la municipalit\u00e9 dans un communiqu\u00e9.<\/p>\n<p class=\" wall-content\">\n<p class=\" wall-content\">Les visiteurs ont ainsi pu contempler des voitures d\u2019exception, expos\u00e9es \u00e0 cette occasion.<\/p>\n<p class=\" wall-content\">Suivez toute l\u2019actualit\u00e9 de vos villes et m\u00e9dias favoris en vous inscrivant \u00e0 <a href=\"https:\/\/moncompte.actu.fr\" title=\"D\u00e9couvez Mon Actu\" rel=\"nofollow noopener\" data-trk=\"{&quot;cta&quot;:{&quot;action&quot;:&quot;https:\\\/\\\/moncompte.actu.fr&quot;,&quot;category&quot;:&quot;mon compte&quot;,&quot;from&quot;:&quot;article footer&quot;,&quot;name&quot;:&quot;Mon actu&quot;,&quot;type&quot;:&quot;cta&quot;}}\" target=\"_blank\">Mon Actu<\/a>.<\/p>\n","protected":false},"excerpt":{"rendered":"Par Manon Reinhardt Publi\u00e9 le 14 avr. 2025 \u00e0 11h47 Des voitures de collection partout. Des centaines de&hellip;\n","protected":false},"author":2,"featured_media":24662,"comment_status":"","ping_status":"","sticky":false,"template":"","format":"standard","meta":{"footnotes":""},"categories":[2819],"tags":[1111,11,1777,674,1011,27,1305,12,2401,2897,882,25],"class_list":{"0":"post-24661","1":"post","2":"type-post","3":"status-publish","4":"format-standard","5":"has-post-thumbnail","7":"category-nice","8":"tag-actu","9":"tag-actualites","10":"tag-eu","11":"tag-europe","12":"tag-fr","13":"tag-france","14":"tag-lifestyle","15":"tag-news","16":"tag-nice","17":"tag-nice-cote-dazur","18":"tag-provence-alpes-cote-dazur","19":"tag-republique-francaise"},"share_on_mastodon":{"url":"https:\/\/pubeurope.com\/@fr\/114337233233773768","error":""},"_links":{"self":[{"href":"https:\/\/www.europesays.com\/fr\/wp-json\/wp\/v2\/posts\/24661","targetHints":{"allow":["GET"]}}],"collection":[{"href":"https:\/\/www.europesays.com\/fr\/wp-json\/wp\/v2\/posts"}],"about":[{"href":"https:\/\/www.europesays.com\/fr\/wp-json\/wp\/v2\/types\/post"}],"author":[{"embeddable":true,"href":"https:\/\/www.europesays.com\/fr\/wp-json\/wp\/v2\/users\/2"}],"replies":[{"embeddable":true,"href":"https:\/\/www.europesays.com\/fr\/wp-json\/wp\/v2\/comments?post=24661"}],"version-history":[{"count":0,"href":"https:\/\/www.europesays.com\/fr\/wp-json\/wp\/v2\/posts\/24661\/revisions"}],"wp:featuredmedia":[{"embeddable":true,"href":"https:\/\/www.europesays.com\/fr\/wp-json\/wp\/v2\/media\/24662"}],"wp:attachment":[{"href":"https:\/\/www.europesays.com\/fr\/wp-json\/wp\/v2\/media?parent=24661"}],"wp:term":[{"taxonomy":"category","embeddable":true,"href":"https:\/\/www.europesays.com\/fr\/wp-json\/wp\/v2\/categories?post=24661"},{"taxonomy":"post_tag","embeddable":true,"href":"https:\/\/www.europesays.com\/fr\/wp-json\/wp\/v2\/tags?post=24661"}],"curies":[{"name":"wp","href":"https:\/\/api.w.org\/{rel}","templated":true}]}}