{"id":246610,"date":"2025-07-13T06:57:13","date_gmt":"2025-07-13T06:57:13","guid":{"rendered":"https:\/\/www.europesays.com\/fr\/246610\/"},"modified":"2025-07-13T06:57:13","modified_gmt":"2025-07-13T06:57:13","slug":"motogp-marco-bezzecchi-espere-des-conditions-meteo-differentes-pour-le-gp-dallemagne","status":"publish","type":"post","link":"https:\/\/www.europesays.com\/fr\/246610\/","title":{"rendered":"MotoGP &#8211; Marco Bezzecchi esp\u00e8re des conditions m\u00e9t\u00e9o diff\u00e9rentes pour le GP d\u2019Allemagne"},"content":{"rendered":"<p>Proche de la victoire, le pilote Aprilia se serait bien vu profiter des \u00e9v\u00e9nements de ce sprint pour le moins anim\u00e9 en ce qui concerne l\u2019\u00e9volution du classement. En premi\u00e8re ligne, Johann Zarco a totalement manqu\u00e9 son d\u00e9part, tandis que Marc M\u00e1rquez a lui aussi \u00e9largi l\u2019un des premiers virages, forc\u00e9 de remonter une partie des leaders en d\u00e9pit de sa pole position.<\/p>\n<p>Au sortir de la course, celui qui a men\u00e9 l\u2019\u00e9preuve presque de bout en bout ne pouvait s\u2019emp\u00eacher d\u2019en regretter l\u2019issue. \u00ab\u00a0Je suis tr\u00e8s heureux d\u2019avoir men\u00e9 la course aussi longtemps. Bien s\u00fbr, c\u2019est toujours difficile de perdre la bataille comme \u00e7a \u00e0 la fin, mais cela reste une journ\u00e9e tr\u00e8s positive pour moi, se r\u00e9jouissait l\u2019Italien. Je suis tr\u00e8s heureux, l\u2019\u00e9quipe a fait du formidable travail. Merci aussi \u00e0 tous les fans allemands, qui mettent toujours une superbe ambiance. J\u2019esp\u00e8re que demain il fera sec, et on verra ce que l\u2019on peut faire.\u00a0\u00bb<\/p>\n<p>Les cartes rebattues pour M\u00e1rquez et les autres\u00a0?<\/p>\n<p>Malheureusement pour Marco Bezzecchi et le reste de la grille, la m\u00e9t\u00e9o risque de ressembler \u00e0 celle de ce samedi. Du moins, la pluie est encore une fois annonc\u00e9e en marge du Grand Prix d\u2019Allemagne, bien qu\u2019aucune certitude ne permette pour le moment de conna\u00eetre l\u2019\u00e9tat exact de la piste au moment du d\u00e9part. Troisi\u00e8me sur la grille justement, le pilote Aprilia devra notamment faire face \u00e0 un Johann Zarco sans doute plus affut\u00e9, et \u00e0 un Marc M\u00e1rquez qui ne reproduira sans doute pas la m\u00eame erreur.<\/p>\n<p>N\u00e9anmoins, Marco Bezzecchi peut se targuer d\u2019\u00eatre l\u2019un des seuls pilotes \u00e0 avoir su rivaliser avec les Ducati dans un contexte particulier. Vainqueur \u00e0 Silverstone, l\u2019Italien esp\u00e8re sans doute monter sur un nouveau podium ce dimanche, si ce n\u2019est lutter \u00e0 nouveau pour la t\u00eate, sans l\u00e2cher le s\u00e9same une seconde fois.<\/p>\n<p><strong>\u00c0 LIRE AUSSI &gt; <a href=\"https:\/\/www.autohebdo.fr\/actualites\/motogp\/nouvelle-victoire-pour-marc-marquez-malgre-un-moment-chaud-avec-fabio-quartararo.html\" target=\"_blank\" rel=\"noopener nofollow\">Nouvelle victoire pour Marc Marquez, malgr\u00e9 un \u00ab moment chaud \u00bb avec Fabio Quartararo<\/a><\/strong><\/p>\n","protected":false},"excerpt":{"rendered":"Proche de la victoire, le pilote Aprilia se serait bien vu profiter des \u00e9v\u00e9nements de ce sprint pour&hellip;\n","protected":false},"author":2,"featured_media":246611,"comment_status":"","ping_status":"","sticky":false,"template":"","format":"standard","meta":{"footnotes":""},"categories":[1413],"tags":[1011,27,1457,1456,60],"class_list":{"0":"post-246610","1":"post","2":"type-post","3":"status-publish","4":"format-standard","5":"has-post-thumbnail","7":"category-moto","8":"tag-fr","9":"tag-france","10":"tag-moto","11":"tag-motocycle","12":"tag-sports"},"share_on_mastodon":{"url":"https:\/\/pubeurope.com\/@fr\/114844627545609800","error":""},"_links":{"self":[{"href":"https:\/\/www.europesays.com\/fr\/wp-json\/wp\/v2\/posts\/246610","targetHints":{"allow":["GET"]}}],"collection":[{"href":"https:\/\/www.europesays.com\/fr\/wp-json\/wp\/v2\/posts"}],"about":[{"href":"https:\/\/www.europesays.com\/fr\/wp-json\/wp\/v2\/types\/post"}],"author":[{"embeddable":true,"href":"https:\/\/www.europesays.com\/fr\/wp-json\/wp\/v2\/users\/2"}],"replies":[{"embeddable":true,"href":"https:\/\/www.europesays.com\/fr\/wp-json\/wp\/v2\/comments?post=246610"}],"version-history":[{"count":0,"href":"https:\/\/www.europesays.com\/fr\/wp-json\/wp\/v2\/posts\/246610\/revisions"}],"wp:featuredmedia":[{"embeddable":true,"href":"https:\/\/www.europesays.com\/fr\/wp-json\/wp\/v2\/media\/246611"}],"wp:attachment":[{"href":"https:\/\/www.europesays.com\/fr\/wp-json\/wp\/v2\/media?parent=246610"}],"wp:term":[{"taxonomy":"category","embeddable":true,"href":"https:\/\/www.europesays.com\/fr\/wp-json\/wp\/v2\/categories?post=246610"},{"taxonomy":"post_tag","embeddable":true,"href":"https:\/\/www.europesays.com\/fr\/wp-json\/wp\/v2\/tags?post=246610"}],"curies":[{"name":"wp","href":"https:\/\/api.w.org\/{rel}","templated":true}]}}