{"id":246618,"date":"2025-07-13T07:01:09","date_gmt":"2025-07-13T07:01:09","guid":{"rendered":"https:\/\/www.europesays.com\/fr\/246618\/"},"modified":"2025-07-13T07:01:09","modified_gmt":"2025-07-13T07:01:09","slug":"on-lui-a-tendu-des-pieges-en-coulisses-avec-isabelle-ithurburu-avant-son-premier-jt-de-13-heures","status":"publish","type":"post","link":"https:\/\/www.europesays.com\/fr\/246618\/","title":{"rendered":"\u00ab\u00a0On lui a tendu des pi\u00e8ges\u00a0\u00bb\u00a0: en coulisses avec Isabelle Ithurburu avant son premier JT de 13\u00a0heures"},"content":{"rendered":"<p class=\"paragraph text_align_left lp-f-body-02\">Au premier \u00e9tage de la Tour TF 1, \u00e0 Boulogne-Billancourt (Hauts-de-Seine), l\u2019\u00e9quipe du 13 Heures s\u2019agite jeudi 10 juillet apr\u00e8s-midi, pr\u00eate \u00e0 proposer une nouvelle \u00e9dition du journal de la mi-journ\u00e9e. Pourtant, l\u2019horloge affiche 15h30 et ce n\u2019est pas Marie-Sophie Lacarrau qui s\u2019installe.<\/p>\n<p class=\"paragraph text_align_left lp-f-body-02\">V\u00eatue d\u2019une chemise en jean et d\u2019un pantalon ample, <a href=\"https:\/\/www.leparisien.fr\/culture-loisirs\/tv\/13-heures-de-tf-1-comment-isabelle-ithurburu-sest-imposee-pour-remplacer-jacques-legros-26-03-2025-S42NUAVXBJFD7MXFWVTSTVSHVA.php\" target=\"_blank\" rel=\"noreferrer nofollow noopener\">Isabelle Ithurburu prend ses marques<\/a>. D\u00e8s lundi 14 juillet, la journaliste de 42 ans devient la nouvelle joker du rendez-vous d\u2019information, prenant la suite de Jacques Legros, qui assurait les remplacements depuis vingt-six ans.<\/p>\n","protected":false},"excerpt":{"rendered":"Au premier \u00e9tage de la Tour TF 1, \u00e0 Boulogne-Billancourt (Hauts-de-Seine), l\u2019\u00e9quipe du 13 Heures s\u2019agite jeudi 10&hellip;\n","protected":false},"author":2,"featured_media":246619,"comment_status":"","ping_status":"","sticky":false,"template":"","format":"standard","meta":{"footnotes":""},"categories":[1359],"tags":[872,58,59,1011,27,973,2205],"class_list":{"0":"post-246618","1":"post","2":"type-post","3":"status-publish","4":"format-standard","5":"has-post-thumbnail","7":"category-people","8":"tag-culture-et-loisirs","9":"tag-divertissement","10":"tag-entertainment","11":"tag-fr","12":"tag-france","13":"tag-people","14":"tag-television-medias"},"share_on_mastodon":{"url":"https:\/\/pubeurope.com\/@fr\/114844643093130505","error":""},"_links":{"self":[{"href":"https:\/\/www.europesays.com\/fr\/wp-json\/wp\/v2\/posts\/246618","targetHints":{"allow":["GET"]}}],"collection":[{"href":"https:\/\/www.europesays.com\/fr\/wp-json\/wp\/v2\/posts"}],"about":[{"href":"https:\/\/www.europesays.com\/fr\/wp-json\/wp\/v2\/types\/post"}],"author":[{"embeddable":true,"href":"https:\/\/www.europesays.com\/fr\/wp-json\/wp\/v2\/users\/2"}],"replies":[{"embeddable":true,"href":"https:\/\/www.europesays.com\/fr\/wp-json\/wp\/v2\/comments?post=246618"}],"version-history":[{"count":0,"href":"https:\/\/www.europesays.com\/fr\/wp-json\/wp\/v2\/posts\/246618\/revisions"}],"wp:featuredmedia":[{"embeddable":true,"href":"https:\/\/www.europesays.com\/fr\/wp-json\/wp\/v2\/media\/246619"}],"wp:attachment":[{"href":"https:\/\/www.europesays.com\/fr\/wp-json\/wp\/v2\/media?parent=246618"}],"wp:term":[{"taxonomy":"category","embeddable":true,"href":"https:\/\/www.europesays.com\/fr\/wp-json\/wp\/v2\/categories?post=246618"},{"taxonomy":"post_tag","embeddable":true,"href":"https:\/\/www.europesays.com\/fr\/wp-json\/wp\/v2\/tags?post=246618"}],"curies":[{"name":"wp","href":"https:\/\/api.w.org\/{rel}","templated":true}]}}