{"id":246640,"date":"2025-07-13T07:14:09","date_gmt":"2025-07-13T07:14:09","guid":{"rendered":"https:\/\/www.europesays.com\/fr\/246640\/"},"modified":"2025-07-13T07:14:09","modified_gmt":"2025-07-13T07:14:09","slug":"les-alpes-maritimes-placees-en-vigilance-jaune-aux-orages-ce-dimanche","status":"publish","type":"post","link":"https:\/\/www.europesays.com\/fr\/246640\/","title":{"rendered":"Les Alpes-Maritimes plac\u00e9es en vigilance jaune aux orages ce dimanche"},"content":{"rendered":"<p>Le temps sera mitig\u00e9 ce dimanche 13 juillet dans les Alpes-Maritimes. Des averses et des orages sont attendus notamment sur le littoral.\u00a0<\/p>\n<p>M\u00e9t\u00e9o France a d&rsquo;ailleurs plac\u00e9 le d\u00e9partement en alerte jaune aux orages t\u00f4t ce matin et jusqu&rsquo;\u00e0 9h00, puis une nouvelle fois dans l&rsquo;apr\u00e8s-midi de 14h00 \u00e0 21h00.\u00a0<\/p>\n<p>C\u00f4t\u00e9 temp\u00e9ratures, il fera jusqu&rsquo;\u00e0 29 degr\u00e9s \u00e0 Menton, 28 \u00e0 Antibes et 27 \u00e0 Nice. Dans l&rsquo;arri\u00e8re-pays ni\u00e7ois on atteindra les 29 degr\u00e9s \u00e0 Saint-Martin-du-Var et 27 en moyenne sur le reste du d\u00e9partement.\u00a0<\/p>\n<p>La r\u00e9daction vous souhaite un bon dimanche !<\/p>\n","protected":false},"excerpt":{"rendered":"Le temps sera mitig\u00e9 ce dimanche 13 juillet dans les Alpes-Maritimes. Des averses et des orages sont attendus&hellip;\n","protected":false},"author":2,"featured_media":246641,"comment_status":"","ping_status":"","sticky":false,"template":"","format":"standard","meta":{"footnotes":""},"categories":[4],"tags":[11,1011,27,2487,12,25],"class_list":{"0":"post-246640","1":"post","2":"type-post","3":"status-publish","4":"format-standard","5":"has-post-thumbnail","7":"category-france","8":"tag-actualites","9":"tag-fr","10":"tag-france","11":"tag-meteo","12":"tag-news","13":"tag-republique-francaise"},"share_on_mastodon":{"url":"https:\/\/pubeurope.com\/@fr\/114844694143139461","error":""},"_links":{"self":[{"href":"https:\/\/www.europesays.com\/fr\/wp-json\/wp\/v2\/posts\/246640","targetHints":{"allow":["GET"]}}],"collection":[{"href":"https:\/\/www.europesays.com\/fr\/wp-json\/wp\/v2\/posts"}],"about":[{"href":"https:\/\/www.europesays.com\/fr\/wp-json\/wp\/v2\/types\/post"}],"author":[{"embeddable":true,"href":"https:\/\/www.europesays.com\/fr\/wp-json\/wp\/v2\/users\/2"}],"replies":[{"embeddable":true,"href":"https:\/\/www.europesays.com\/fr\/wp-json\/wp\/v2\/comments?post=246640"}],"version-history":[{"count":0,"href":"https:\/\/www.europesays.com\/fr\/wp-json\/wp\/v2\/posts\/246640\/revisions"}],"wp:featuredmedia":[{"embeddable":true,"href":"https:\/\/www.europesays.com\/fr\/wp-json\/wp\/v2\/media\/246641"}],"wp:attachment":[{"href":"https:\/\/www.europesays.com\/fr\/wp-json\/wp\/v2\/media?parent=246640"}],"wp:term":[{"taxonomy":"category","embeddable":true,"href":"https:\/\/www.europesays.com\/fr\/wp-json\/wp\/v2\/categories?post=246640"},{"taxonomy":"post_tag","embeddable":true,"href":"https:\/\/www.europesays.com\/fr\/wp-json\/wp\/v2\/tags?post=246640"}],"curies":[{"name":"wp","href":"https:\/\/api.w.org\/{rel}","templated":true}]}}