{"id":246654,"date":"2025-07-13T07:24:14","date_gmt":"2025-07-13T07:24:14","guid":{"rendered":"https:\/\/www.europesays.com\/fr\/246654\/"},"modified":"2025-07-13T07:24:14","modified_gmt":"2025-07-13T07:24:14","slug":"succes-logiques-pour-bastia-montpellier-le-mans-et-clermont-grenoble-sincline-contre-geneve","status":"publish","type":"post","link":"https:\/\/www.europesays.com\/fr\/246654\/","title":{"rendered":"Succ\u00e8s logiques pour Bastia, Montpellier, Le Mans et Clermont, Grenoble s&rsquo;incline contre Gen\u00e8ve"},"content":{"rendered":"<p style=\"text-align: justify;\">Apr\u00e8s le festival de buts de l\u2019apr\u00e8s-midi et notamment <a href=\"https:\/\/maligue2.fr\/2025\/07\/12\/amicaux-lourdes-defaites-pour-amiens-et-dunkerque-reims-etrille-zulte-waregem-les-verts-battent-lestac\/\" target=\"_blank\" rel=\"noopener\">la large d\u00e9faite Dunkerque contre Boulogne-sur-Mer (1-5<\/a>), cinq autres clubs de Ligue 2 disputaient des matchs de pr\u00e9paration en d\u00e9but de soir\u00e9e samedi, pour des r\u00e9sultats plus logiques et moins spectaculaires. <strong>Bastia<\/strong> s\u2019impose d\u2019une courte marge (1-0) contre son voisin de Borgo (National 3). Idem pour Montpellier (1-0) face \u00e0 Istres (National 2). <strong>Clermont<\/strong> l\u2019emporte aussi (2-1) face \u00e0 Villefranche (National) avec un but de Marks Inchaud, priv\u00e9 de terrain pendant la majeure partie de la saison pass\u00e9e. <strong>Le Mans<\/strong> domine l\u2019\u00e9quipe des joueurs sans clubs de l\u2019UNFP (2-1). Enfin, <strong>Grenoble<\/strong>, seul club de Ligue 2 ne partant pas favori, s\u2019incline sur un but \u00e0 la 91e minute contre le Servette Gen\u00e8ve (0-1), club suisse se pr\u00e9parant \u00e0 disputer les tours pr\u00e9liminaires de Ligue des Champions.<\/p>\n<p style=\"text-align: justify;\">\u00c0 lire aussi &gt;&gt;\u00a0<a href=\"https:\/\/maligue2.fr\/2025\/07\/12\/amicaux-lourdes-defaites-pour-amiens-et-dunkerque-reims-etrille-zulte-waregem-les-verts-battent-lestac\/\" target=\"_blank\" rel=\"noopener\">Amicaux \u2013 Lourdes d\u00e9faites pour Amiens et Dunkerque, Reims \u00e9trille Zulte-Waregem, les Verts battent l\u2019ESTAC<\/a><\/p>\n<p style=\"text-align: justify;\"><strong>Bastia 1-0 Borgo<\/strong><\/p>\n<p style=\"text-align: justify;\">La composition du SCB (1MT) : Fabri \u2013 Djedje, Roncaglia, Bohnert, Borne, Bathily, Janneh, Vincent \u00a9, Ciss\u00e9, Sebas, Bl\u00e9 <br \/>La composition du SCB (2MT) : Olmeta \u2013 Oulai, Guidi\u00a9, Basset,\u00a0 Ariss, Ducrocq, Etoga, Boutrah, Karamoko,\u00a0 Tomi, Parravicini<\/p>\n<p style=\"text-align: justify;\">Buteur(s) : Bohnert<\/p>\n<p style=\"text-align: justify;\"><strong>Montpellier 1-0 Istres<\/strong><\/p>\n<p style=\"text-align: justify;\">La composition du MHSC (1MT) : Lecomte \u2013 Tchato, Mincarelli, Jullien, Kouyat\u00e9, Omeragic, Chotard, Chennahi, Issoufou, Gueguin, Orakpo<br \/>La composition du MHSC (1MT) : Michel \u2013 Sainte-Lucen Mouanga, Laporte, Sagnan, El Hannach, Ferri, Fayad, Pays, Coulibaly, Ndiaye<\/p>\n<p style=\"text-align: justify;\">Buteur(s) : El Hannach<\/p>\n<p style=\"text-align: justify;\"><strong>UNFP 1-2 Le Mans<\/strong><\/p>\n<p style=\"text-align: justify;\">La composition du MFC (1MT) : Hatfout \u2013 Boiss\u00e9, Yohou, Boukadida, Oggad, Robin, Lauray, Quarshie (c.), Mahop, Caro, Harhouz.<br \/>La composition du MFC (2MT) : Kocik \u2013 Cormier, Eyoum, Voyer, Ribelin, Rossignol (c.), Gomes, Vercruysse, Calodat, Gueye, Luvambo.<\/p>\n<p style=\"text-align: justify;\">Buteur(s) : Goelzer pour l\u2019UNFP FC \/ Gueye (x2) pour Le Mans<\/p>\n<p style=\"text-align: justify;\"><strong>Villefranche 1-2 Clermont<\/strong><\/p>\n<p style=\"text-align: justify;\">La composition du CF63 : Guivarch \u2013 Konat\u00e9, Caufriez, Da Silva, Astic, Berkani, Saivet, Bamba, Hunou, Diop, Sa\u00efd<\/p>\n<p style=\"text-align: justify;\">Buteur(s) : Leye pour Villefranche \/ Sa\u00efd, Inchaud pour Clermont<\/p>\n<p style=\"text-align: justify;\"><strong>Grenoble 0-1 Servette<\/strong><\/p>\n<p style=\"text-align: justify;\">La composition du CF63 :<\/p>\n<p style=\"text-align: justify;\">Buteur(s) : Guillemenot<\/p>\n<p style=\"text-align: justify;\">Photo \u00a9CF63<\/p>\n","protected":false},"excerpt":{"rendered":"Apr\u00e8s le festival de buts de l\u2019apr\u00e8s-midi et notamment la large d\u00e9faite Dunkerque contre Boulogne-sur-Mer (1-5), cinq autres&hellip;\n","protected":false},"author":2,"featured_media":246655,"comment_status":"","ping_status":"","sticky":false,"template":"","format":"standard","meta":{"footnotes":""},"categories":[9599],"tags":[1111,11,5621,2313,1777,674,1011,27,2731,2191,2208,12,2680,25],"class_list":{"0":"post-246654","1":"post","2":"type-post","3":"status-publish","4":"format-standard","5":"has-post-thumbnail","7":"category-montpellier","8":"tag-actu","9":"tag-actualites","10":"tag-bastia","11":"tag-clermont","12":"tag-eu","13":"tag-europe","14":"tag-fr","15":"tag-france","16":"tag-grenoble","17":"tag-le-mans","18":"tag-montpellier","19":"tag-news","20":"tag-occitanie","21":"tag-republique-francaise"},"share_on_mastodon":{"url":"https:\/\/pubeurope.com\/@fr\/114844733454060692","error":""},"_links":{"self":[{"href":"https:\/\/www.europesays.com\/fr\/wp-json\/wp\/v2\/posts\/246654","targetHints":{"allow":["GET"]}}],"collection":[{"href":"https:\/\/www.europesays.com\/fr\/wp-json\/wp\/v2\/posts"}],"about":[{"href":"https:\/\/www.europesays.com\/fr\/wp-json\/wp\/v2\/types\/post"}],"author":[{"embeddable":true,"href":"https:\/\/www.europesays.com\/fr\/wp-json\/wp\/v2\/users\/2"}],"replies":[{"embeddable":true,"href":"https:\/\/www.europesays.com\/fr\/wp-json\/wp\/v2\/comments?post=246654"}],"version-history":[{"count":0,"href":"https:\/\/www.europesays.com\/fr\/wp-json\/wp\/v2\/posts\/246654\/revisions"}],"wp:featuredmedia":[{"embeddable":true,"href":"https:\/\/www.europesays.com\/fr\/wp-json\/wp\/v2\/media\/246655"}],"wp:attachment":[{"href":"https:\/\/www.europesays.com\/fr\/wp-json\/wp\/v2\/media?parent=246654"}],"wp:term":[{"taxonomy":"category","embeddable":true,"href":"https:\/\/www.europesays.com\/fr\/wp-json\/wp\/v2\/categories?post=246654"},{"taxonomy":"post_tag","embeddable":true,"href":"https:\/\/www.europesays.com\/fr\/wp-json\/wp\/v2\/tags?post=246654"}],"curies":[{"name":"wp","href":"https:\/\/api.w.org\/{rel}","templated":true}]}}