{"id":246662,"date":"2025-07-13T07:31:10","date_gmt":"2025-07-13T07:31:10","guid":{"rendered":"https:\/\/www.europesays.com\/fr\/246662\/"},"modified":"2025-07-13T07:31:10","modified_gmt":"2025-07-13T07:31:10","slug":"avant-les-municipales-comment-la-maire-ps-de-rennes-tente-de-reduire-la-facture-politique-des-violences-du-narcotrafic-analyse","status":"publish","type":"post","link":"https:\/\/www.europesays.com\/fr\/246662\/","title":{"rendered":"Avant les municipales, comment la maire PS de Rennes tente de r\u00e9duire la facture politique des violences du narcotrafic [Analyse]"},"content":{"rendered":"<p>Quand il fait chaud, il faut se donner de l\u2019air. C\u2019est l\u2019\u00e9quation de beaucoup de Fran\u00e7ais en ces temps caniculaires. C\u2019est aussi celle de Nathalie App\u00e9r\u00e9 sur les questions de s\u00e9curit\u00e9, avant le d\u00e9marrage d\u2019une nouvelle campagne aux municipales \u00e0 la rentr\u00e9e.<\/p>\n<p>La d\u00e9linquance et le narcotrafic ? Les \u00e9pisodes d\u2019ultra-violences qui se sont succ\u00e9d\u00e9 dans la capitale bretonne cet automne, cet hiver et au printemps, <a href=\"https:\/\/www.letelegramme.fr\/ille-et-vilaine\/rennes-35000\/a-rennes-nathalie-appere-va-t-elle-payer-le-prix-politique-de-lexplosion-du-narcotrafic-analyse-6696532.php\" target=\"_blank\" rel=\"noopener\">risquent d\u2019\u00eatre le bout de sparadrap accroch\u00e9 aux basques de la maire socialiste<\/a>, candidate \u00e0 un troisi\u00e8me mandat en mars prochain.<\/p>\n<p>Inqui\u00e9tude majeure<\/p>\n<p>Dans son \u00e9quipe, \u201cla place \u00e9crasante\u201d prise par ce th\u00e8me dans le d\u00e9bat public pr\u00e9occupe. Comment reprendre \u201cle lead\u201d sur le narratif pour \u00e9viter que les d\u00e9bats ne tournent que l\u00e0-dessus ces prochains mois ?, s\u2019inqui\u00e9tait l\u2019un des piliers de la majorit\u00e9 municipale il y a quelques semaines <a href=\"https:\/\/www.lemensuel.com\/rennes\" target=\"_blank\" rel=\"noopener\">(lire Le Mensuel de Rennes de juin)<\/a>. Quelles r\u00e9ponses donn\u00e9es aux \u201cvagues d\u2019\u00e9motion\u201d suscit\u00e9es par ces violences, qui peuvent, parfois, \u201cnous submerger\u201d ?, s\u2019est aussi interrog\u00e9e Nathalie App\u00e9r\u00e9, en conseil municipal le 30 juin.<\/p>\n<p>Pour Nathalie App\u00e9r\u00e9, cette initiative r\u00e9pondait \u00e0 un triple objectif. Pr\u00e9venir plut\u00f4t que subir. Contrecarrer les attaques de son opposition, en les pla\u00e7ant face au constat froid de deux \u00e9minents repr\u00e9sentants de l\u2019\u00c9tat. Et partager le fardeau des responsabilit\u00e9s d\u2019un fl\u00e9au qui ne pourra \u00eatre r\u00e9gl\u00e9 sans une \u201cd\u00e9termination collective, chacun dans son r\u00f4le et ses pr\u00e9rogatives\u201d, a-t-elle rappel\u00e9.<\/p>\n<p>L\u2019int\u00e9ress\u00e9e avait minutieusement pr\u00e9par\u00e9 la s\u00e9quence. Quatre jours plus t\u00f4t, le 26 juin, elle a r\u00e9uni une assembl\u00e9e pl\u00e9ni\u00e8re du Conseil local de s\u00e9curit\u00e9 et de pr\u00e9vention de la d\u00e9linquance (CLSPD). Habituellement d\u00e9voil\u00e9es \u00e0 l\u2019automne, les statistiques de la d\u00e9linquance ont \u00e9t\u00e9 &#8211; opportun\u00e9ment &#8211; r\u00e9v\u00e9l\u00e9es juste avant le conseil.<\/p>\n<p>Ainsi, la maire a pu pointer, sans triomphalisme, une \u201cbaisse sensible\u201d de la d\u00e9linquance g\u00e9n\u00e9rale (-7,3 % de faits constat\u00e9s), enregistr\u00e9e entre 2023 et 2024 \u00e0 Rennes. \u201cUn fait de d\u00e9linquance reste un fait de trop, a-t-elle pond\u00e9r\u00e9. Ces chiffres recouvrent des r\u00e9alit\u00e9s complexes qu\u2019il faut analyser sur le temps long. La tendance est repartie \u00e0 la hausse sur les premiers mois de l\u2019ann\u00e9e 2025.\u201d<\/p>\n<p>Quand le pr\u00e9fet contredit les oppositions<\/p>\n<p>\u201cIl n\u2019y a pas, sur le moyen terme, d\u2019explosion g\u00e9n\u00e9rale de la d\u00e9linquance, comme on a pu parfois l\u2019entendre dire\u201d, a aussi convenu le pr\u00e9fet, en pointant des \u201cindicateurs plut\u00f4t bien orient\u00e9s\u201d en 2024, rapport\u00e9s \u00e0 la moyenne des faits constat\u00e9s depuis 2016. \u201cEn revanche, on observe une progression spectaculaire des d\u00e9lits li\u00e9s aux stup\u00e9fiants\u201d, a-t-il pr\u00e9cis\u00e9 (+ 169.9 % entre 2019 et 2024, selon le CLSPD), ainsi qu\u2019une \u201caugmentation tr\u00e8s forte des violences sexuelles et intrafamiliales, comme sur l\u2019ensemble du territoire. C\u2019est une pr\u00e9occupation majeure, mais ce n\u2019est pas une singularit\u00e9 rennaise\u201d.<\/p>\n<p>R\u00e9pondant indirectement aux saillies de l\u2019opposition, le repr\u00e9sentant de l\u2019\u00c9tat a distribu\u00e9 quelques bons points \u00e0 la Ville, sous les yeux de son \u00e9dile. En mati\u00e8re de vid\u00e9osurveillance, il a notamment salu\u00e9 \u00ab une trajectoire \u00bb qu\u2019il \u00ab encourage \u00bb, dans un contexte o\u00f9 l\u2019usage r\u00e9gulier de drones rend les forces de l\u2019ordre \u00ab moins d\u00e9pendantes aux cam\u00e9ras de rue \u00bb. Rennes en comptait 76 en 2023 contre 110 en 2025.<\/p>\n<p>Coordination polices municipale et nationale<\/p>\n<p>Autre sujet \u00ab r\u00e9guli\u00e8rement \u00e9voqu\u00e9 \u00bb (comprendre par les oppositions), selon le pr\u00e9fet, le r\u00f4le de la police municipale. L\u00e0 aussi, Amaury de Saint-Quentin a salu\u00e9 une \u00ab coordination op\u00e9rationnelle tr\u00e8s \u00e9troite, au quotidien \u00bb, avec la Police nationale. \u00ab La police municipale n\u2019est pas en situation d\u2019intervenir dans certaines situations \u00e0 risque, a-t-il temp\u00e9r\u00e9. N\u00e9anmoins, elle peut soulager la Police nationale de missions qui ne pr\u00e9sentent pas de difficult\u00e9 \u00bb. Par ailleurs, le pr\u00e9fet \u00ab\u00a0n\u2019a pas identifi\u00e9 de manque particulier \u00e0 Rennes en mati\u00e8re d\u2019arr\u00eat\u00e9s municipaux \u00bb. <\/p>\n<p>Critiqu\u00e9 par la maire et ses \u00e9quipes sur la question des renforts de police, le repr\u00e9sentant de l\u2019\u00c9tat a rappel\u00e9 \u00ab les efforts constants \u00bb de celui-ci. Depuis 2016, les effectifs de gardiens de la paix affect\u00e9s \u00e0 Rennes ont augment\u00e9 de 13 % a-t-il pr\u00e9cis\u00e9. \u00ab Rennes n\u2019est donc pas n\u00e9glig\u00e9e loin de l\u00e0 \u00bb.<\/p>\n<p>R\u00e9pit pr\u00e9caire<\/p>\n<p>Au terme de ce \u00ab d\u00e9bat r\u00e9publicain de fond \u00bb, men\u00e9 entre les \u00e9lus et leurs deux invit\u00e9s, la maire s\u2019est dot\u00e9e de \u00ab quelques munitions \u00bb dont elle pourra se servir contre ses oppositions dans les mois qui viennent. Alors que d\u00e9bute la tr\u00eave estivale, la future candidate aux municipales dispose d\u2019un autre facteur favorable. Depuis les derni\u00e8res fusillades de mai, Rennes n\u2019a pas connu d\u2019incidents majeurs sur le front du narcotrafic (\u00e0 l\u2019heure o\u00f9 nous mettons en ligne).<\/p>\n<p>Maire, pr\u00e9fet et procureur l\u2019ont rappel\u00e9. La \u00ab quasi-totalit\u00e9 \u00bb des auteurs pr\u00e9sum\u00e9s des principaux \u00e9pisodes de violences de ces derniers mois ont \u00e9t\u00e9 interpell\u00e9s \u00e0 l\u2019issue d\u2019enqu\u00eates judiciaires pouss\u00e9es. Certains ont m\u00eame d\u00e9j\u00e0 \u00e9t\u00e9 condamn\u00e9s \u00e0 de lourdes peines. De quoi donner un peu d\u2019air aux habitants et un r\u00e9pit, pr\u00e9caire, \u00e0 la maire.<\/p>\n","protected":false},"excerpt":{"rendered":"Quand il fait chaud, il faut se donner de l\u2019air. C\u2019est l\u2019\u00e9quation de beaucoup de Fran\u00e7ais en ces&hellip;\n","protected":false},"author":2,"featured_media":246663,"comment_status":"","ping_status":"","sticky":false,"template":"","format":"standard","meta":{"footnotes":""},"categories":[2821],"tags":[1111,11,829,1777,674,1011,27,848,3434,26053,12,3364,584,25],"class_list":{"0":"post-246662","1":"post","2":"type-post","3":"status-publish","4":"format-standard","5":"has-post-thumbnail","7":"category-rennes","8":"tag-actu","9":"tag-actualites","10":"tag-bretagne","11":"tag-eu","12":"tag-europe","13":"tag-fr","14":"tag-france","15":"tag-ille-et-vilaine","16":"tag-municipales-2026","17":"tag-municipales-2026-a-rennes","18":"tag-news","19":"tag-politique-a-rennes","20":"tag-rennes","21":"tag-republique-francaise"},"share_on_mastodon":{"url":"https:\/\/pubeurope.com\/@fr\/114844760984219930","error":""},"_links":{"self":[{"href":"https:\/\/www.europesays.com\/fr\/wp-json\/wp\/v2\/posts\/246662","targetHints":{"allow":["GET"]}}],"collection":[{"href":"https:\/\/www.europesays.com\/fr\/wp-json\/wp\/v2\/posts"}],"about":[{"href":"https:\/\/www.europesays.com\/fr\/wp-json\/wp\/v2\/types\/post"}],"author":[{"embeddable":true,"href":"https:\/\/www.europesays.com\/fr\/wp-json\/wp\/v2\/users\/2"}],"replies":[{"embeddable":true,"href":"https:\/\/www.europesays.com\/fr\/wp-json\/wp\/v2\/comments?post=246662"}],"version-history":[{"count":0,"href":"https:\/\/www.europesays.com\/fr\/wp-json\/wp\/v2\/posts\/246662\/revisions"}],"wp:featuredmedia":[{"embeddable":true,"href":"https:\/\/www.europesays.com\/fr\/wp-json\/wp\/v2\/media\/246663"}],"wp:attachment":[{"href":"https:\/\/www.europesays.com\/fr\/wp-json\/wp\/v2\/media?parent=246662"}],"wp:term":[{"taxonomy":"category","embeddable":true,"href":"https:\/\/www.europesays.com\/fr\/wp-json\/wp\/v2\/categories?post=246662"},{"taxonomy":"post_tag","embeddable":true,"href":"https:\/\/www.europesays.com\/fr\/wp-json\/wp\/v2\/tags?post=246662"}],"curies":[{"name":"wp","href":"https:\/\/api.w.org\/{rel}","templated":true}]}}