{"id":246664,"date":"2025-07-13T07:33:13","date_gmt":"2025-07-13T07:33:13","guid":{"rendered":"https:\/\/www.europesays.com\/fr\/246664\/"},"modified":"2025-07-13T07:33:13","modified_gmt":"2025-07-13T07:33:13","slug":"pres-de-strasbourg-le-plan-social-de-de-dietrich-se-double-de-tensions-politiques-autour-du-depute-rn-liberation","status":"publish","type":"post","link":"https:\/\/www.europesays.com\/fr\/246664\/","title":{"rendered":"Pr\u00e8s de Strasbourg, le plan social de De Dietrich se double de tensions politiques autour du d\u00e9put\u00e9 RN \u2013 Lib\u00e9ration"},"content":{"rendered":"<p class=\"sc-ksZaOG ehjQrN text-element\">Le soleil annonce midi. Devant l\u2019usine BDR Thermea de Mertzwiller (Bas-Rhin), \u00e0 50 kilom\u00e8tres de Strasbourg, les salari\u00e9s vont, par petits groupes, prendre leur pause. Il y a ceux qui s\u2019installent sur des bancs, devant le parking, pour d\u00e9jeuner \u00e0 l\u2019ombre de quelques arbres. Et ceux qui filent \u00e0 la cantine, un long rectangle d\u2019un \u00e9tage, accol\u00e9 au site. Les visages sont ferm\u00e9s, les regards \u00e9vitants. L\u2019envie de parler n\u2019est pas l\u00e0. \u00abApr\u00e8s tout, pourquoi pas\u00bb, conc\u00e8de Maxime. Le jeune homme de 26 ans a quatre ans de bo\u00eete au compteur et pas mal d\u2019amertume dans la voix. Fin mai, la direction de l\u2019entreprise, sp\u00e9cialis\u00e9e dans la production de pompes \u00e0 chaleur, a annonc\u00e9 la d\u00e9localisation de l\u2019activit\u00e9 en Turquie et en Slovaquie d\u2019ici \u00e0 2027. La soci\u00e9t\u00e9 m\u00e8re, qui emploie 7 000 personnes dans le monde, a aussi annonc\u00e9 la suppression de 370 emplois, dont 320, rien que sur le site historique en Alsace, qui emploie pr\u00e8s de 800 personnes. \u00abOn a pourtant jou\u00e9 le jeu\u00bb, r\u00e9agit Maxime en \u00e9voquant les concessions faites par les salari\u00e9s : les primes repouss\u00e9es, les samedis travaill\u00e9s, les cong\u00e9s \u00e9puis\u00e9s, les heures sup\u2019 donn\u00e9es et les machines qui tournaient \u00e0 plein r\u00e9gime. A c\u00f4t\u00e9 de Maxime, Alexis est \u00e9c\u0153ur\u00e9 : \u00ab\u00c7a pendait au nez de la direction.\u00bb Employ\u00e9 depuis trois ans, le trentenaire ironise : \u00abLe groupe De Dietrich fait des b\u00e9n\u00e9fices, mais apparemment pas chez nous.\u00bb<\/p>\n<p class=\"sc-ksZaOG ehjQrN text-element\">Ici, personne ne parle de \u00abBDR Thermea\u00bb, le nom donn\u00e9 au groupe apr\u00e8s la fusion, il y a seize <\/p>\n","protected":false},"excerpt":{"rendered":"Le soleil annonce midi. Devant l\u2019usine BDR Thermea de Mertzwiller (Bas-Rhin), \u00e0 50 kilom\u00e8tres de Strasbourg, les salari\u00e9s&hellip;\n","protected":false},"author":2,"featured_media":246665,"comment_status":"","ping_status":"","sticky":false,"template":"","format":"standard","meta":{"footnotes":""},"categories":[2820],"tags":[1111,11,1777,674,1076,1011,27,775,780,12,25,2848,640,9413],"class_list":{"0":"post-246664","1":"post","2":"type-post","3":"status-publish","4":"format-standard","5":"has-post-thumbnail","7":"category-strasbourg","8":"tag-actu","9":"tag-actualites","10":"tag-eu","11":"tag-europe","12":"tag-extreme-droite","13":"tag-fr","14":"tag-france","15":"tag-grand-est","16":"tag-lfi","17":"tag-news","18":"tag-republique-francaise","19":"tag-rn","20":"tag-strasbourg","21":"tag-syndicalisme"},"share_on_mastodon":{"url":"https:\/\/pubeurope.com\/@fr\/114844768942216849","error":""},"_links":{"self":[{"href":"https:\/\/www.europesays.com\/fr\/wp-json\/wp\/v2\/posts\/246664","targetHints":{"allow":["GET"]}}],"collection":[{"href":"https:\/\/www.europesays.com\/fr\/wp-json\/wp\/v2\/posts"}],"about":[{"href":"https:\/\/www.europesays.com\/fr\/wp-json\/wp\/v2\/types\/post"}],"author":[{"embeddable":true,"href":"https:\/\/www.europesays.com\/fr\/wp-json\/wp\/v2\/users\/2"}],"replies":[{"embeddable":true,"href":"https:\/\/www.europesays.com\/fr\/wp-json\/wp\/v2\/comments?post=246664"}],"version-history":[{"count":0,"href":"https:\/\/www.europesays.com\/fr\/wp-json\/wp\/v2\/posts\/246664\/revisions"}],"wp:featuredmedia":[{"embeddable":true,"href":"https:\/\/www.europesays.com\/fr\/wp-json\/wp\/v2\/media\/246665"}],"wp:attachment":[{"href":"https:\/\/www.europesays.com\/fr\/wp-json\/wp\/v2\/media?parent=246664"}],"wp:term":[{"taxonomy":"category","embeddable":true,"href":"https:\/\/www.europesays.com\/fr\/wp-json\/wp\/v2\/categories?post=246664"},{"taxonomy":"post_tag","embeddable":true,"href":"https:\/\/www.europesays.com\/fr\/wp-json\/wp\/v2\/tags?post=246664"}],"curies":[{"name":"wp","href":"https:\/\/api.w.org\/{rel}","templated":true}]}}