{"id":246666,"date":"2025-07-13T07:34:08","date_gmt":"2025-07-13T07:34:08","guid":{"rendered":"https:\/\/www.europesays.com\/fr\/246666\/"},"modified":"2025-07-13T07:34:08","modified_gmt":"2025-07-13T07:34:08","slug":"voici-ou-il-peuvent-tomber","status":"publish","type":"post","link":"https:\/\/www.europesays.com\/fr\/246666\/","title":{"rendered":"voici o\u00f9 il peuvent tomber"},"content":{"rendered":"<p>            Par<br \/>\n        <strong><br \/>\n            <a href=\"https:\/\/actu.fr\/auteur\/fabien-binacchi\" title=\"Consulter tous les articles de Fabien Binacchi\" rel=\"nofollow noopener\" target=\"_blank\">Fabien Binacchi<\/a><br \/>\n        <\/strong><\/p>\n<p>        Publi\u00e9 le<\/p>\n<p>            13 juil. 2025 \u00e0 9h04        <\/p>\n<p>Le temps, ensoleill\u00e9 tous ces derniers jours, se g\u00e2te. M\u00e9t\u00e9o-France a plac\u00e9 le d\u00e9partement des <a href=\"https:\/\/actu.fr\/provence-alpes-cote-d-azur\/alpes-maritimes_06\" rel=\"nofollow noopener\" target=\"_blank\">Alpes-Maritimes<\/a> en <strong>vigilance jaune<\/strong> pour le risque d\u2019orages ce dimanche 13\u00a0juillet 2025. La foudre est notamment annonc\u00e9e <strong>sur le littoral.<\/strong> <a href=\"https:\/\/actu.fr\/nice\/\" rel=\"nofollow noopener\" target=\"_blank\">Nice<\/a> est concern\u00e9.<\/p>\n<p class=\" wall-content\">Voici les pr\u00e9visions.<\/p>\n<p>De Nice \u00e0 Antibes<\/p>\n<p class=\" wall-content\">Du tonnerre et un peu de pluie\u2009? Le d\u00e9partement des Alpes-Maritimes est en alerte jaune aux orages ce dimanche 13\u00a0juillet 2025 <strong>jusqu\u2019\u00e0 10h, avant une r\u00e9activation entre 14h et 21h,<\/strong> selon le dernier bulletin des vigilances de M\u00e9t\u00e9o-France.<\/p>\n<p class=\" wall-content\">\n<p class=\" wall-content\">Les cellules orageuses concernent notamment le littoral dans la matin\u00e9e. Selon les pr\u00e9visions du service officiel de la m\u00e9t\u00e9orologie et de la climatologie en France, les \u00e9clairs peuvent frapper de Nice \u00e0 Antibes o\u00f9 <strong>les temp\u00e9ratures n\u2019exc\u00e8dent pas 27\u00b0C et 28\u00b0C.<\/strong><\/p>\n<p>Puis dans l\u2019arri\u00e8re-pays<\/p>\n<p class=\" wall-content\">Dans l\u2019apr\u00e8s-midi, c\u2019est plut\u00f4t <strong>dans l\u2019arri\u00e8re-pays,<\/strong> que les nuages se d\u00e9placent avec un risque de pr\u00e9cipitations notamment dans le nord-est du d\u00e9partement. Les secteurs de Saint-Sauveur-sur-Tin\u00e9e, Roquebilli\u00e8re et Tende pourraient \u00eatre sous la pluie.<\/p>\n<p>Vid\u00e9os : en ce moment sur Actu<\/p>\n<p class=\" wall-content\">Cet \u00e9pisode est en tout cas de courte dur\u00e9e. <strong>La journ\u00e9e du 14-juillet<\/strong> est annonc\u00e9e <strong>sous un grand soleil<\/strong> (et avec jusqu\u2019\u00e0 30\u00b0C au thermom\u00e8tre). Il devrait briller toute la semaine avant un retour des orages, possible, samedi prochain, le 19\u00a0juillet.<\/p>\n<p class=\" wall-content\">Suivez toute l\u2019actualit\u00e9 de vos villes et m\u00e9dias favoris en vous inscrivant \u00e0 <a href=\"https:\/\/moncompte.actu.fr\" title=\"D\u00e9couvez Mon Actu\" rel=\"nofollow noopener\" data-trk=\"{&quot;cta&quot;:{&quot;action&quot;:&quot;https:\\\/\\\/moncompte.actu.fr&quot;,&quot;category&quot;:&quot;mon compte&quot;,&quot;from&quot;:&quot;article footer&quot;,&quot;name&quot;:&quot;Mon actu&quot;,&quot;type&quot;:&quot;cta&quot;}}\" target=\"_blank\">Mon Actu<\/a>.<\/p>\n","protected":false},"excerpt":{"rendered":"Par Fabien Binacchi Publi\u00e9 le 13 juil. 2025 \u00e0 9h04 Le temps, ensoleill\u00e9 tous ces derniers jours, se&hellip;\n","protected":false},"author":2,"featured_media":246667,"comment_status":"","ping_status":"","sticky":false,"template":"","format":"standard","meta":{"footnotes":""},"categories":[2819],"tags":[1111,11,1777,674,1011,27,2487,2357,12,2401,4594,882,25],"class_list":{"0":"post-246666","1":"post","2":"type-post","3":"status-publish","4":"format-standard","5":"has-post-thumbnail","7":"category-nice","8":"tag-actu","9":"tag-actualites","10":"tag-eu","11":"tag-europe","12":"tag-fr","13":"tag-france","14":"tag-meteo","15":"tag-meteo-france","16":"tag-news","17":"tag-nice","18":"tag-orages","19":"tag-provence-alpes-cote-dazur","20":"tag-republique-francaise"},"share_on_mastodon":{"url":"https:\/\/pubeurope.com\/@fr\/114844772794644836","error":""},"_links":{"self":[{"href":"https:\/\/www.europesays.com\/fr\/wp-json\/wp\/v2\/posts\/246666","targetHints":{"allow":["GET"]}}],"collection":[{"href":"https:\/\/www.europesays.com\/fr\/wp-json\/wp\/v2\/posts"}],"about":[{"href":"https:\/\/www.europesays.com\/fr\/wp-json\/wp\/v2\/types\/post"}],"author":[{"embeddable":true,"href":"https:\/\/www.europesays.com\/fr\/wp-json\/wp\/v2\/users\/2"}],"replies":[{"embeddable":true,"href":"https:\/\/www.europesays.com\/fr\/wp-json\/wp\/v2\/comments?post=246666"}],"version-history":[{"count":0,"href":"https:\/\/www.europesays.com\/fr\/wp-json\/wp\/v2\/posts\/246666\/revisions"}],"wp:featuredmedia":[{"embeddable":true,"href":"https:\/\/www.europesays.com\/fr\/wp-json\/wp\/v2\/media\/246667"}],"wp:attachment":[{"href":"https:\/\/www.europesays.com\/fr\/wp-json\/wp\/v2\/media?parent=246666"}],"wp:term":[{"taxonomy":"category","embeddable":true,"href":"https:\/\/www.europesays.com\/fr\/wp-json\/wp\/v2\/categories?post=246666"},{"taxonomy":"post_tag","embeddable":true,"href":"https:\/\/www.europesays.com\/fr\/wp-json\/wp\/v2\/tags?post=246666"}],"curies":[{"name":"wp","href":"https:\/\/api.w.org\/{rel}","templated":true}]}}