{"id":246674,"date":"2025-07-13T07:42:09","date_gmt":"2025-07-13T07:42:09","guid":{"rendered":"https:\/\/www.europesays.com\/fr\/246674\/"},"modified":"2025-07-13T07:42:09","modified_gmt":"2025-07-13T07:42:09","slug":"toulouse-quand-un-mythique-acteur-americain-creait-levenement-a-toulouse-pendant-le-tour-de-france","status":"publish","type":"post","link":"https:\/\/www.europesays.com\/fr\/246674\/","title":{"rendered":"Toulouse. Quand un mythique acteur am\u00e9ricain cr\u00e9ait l&rsquo;\u00e9v\u00e9nement \u00e0 Toulouse pendant le Tour de France"},"content":{"rendered":"<p>            Par<br \/>\n        <strong><br \/>\n            <a href=\"https:\/\/actu.fr\/auteur\/gilles-rolland\" title=\"Consulter tous les articles de Gilles Rolland\" rel=\"nofollow noopener\" target=\"_blank\">Gilles Rolland<\/a><br \/>\n        <\/strong><\/p>\n<p>        Publi\u00e9 le<\/p>\n<p>            13 juil. 2025 \u00e0 9h32        <\/p>\n<p>Capitale de France, mais aussi des avant-premi\u00e8res hollywoodiennes dans l\u2019hexagone, Paris cristallise l\u2019attention des grands studios qui, la plupart du temps, d\u00e9p\u00eachent leurs stars sur les tapis rouges de cin\u00e9mas comme le Grand Rex pour cr\u00e9er l\u2019\u00e9v\u00e9nement et lancer la carri\u00e8re de leurs films. Parfois n\u00e9anmoins, les stars en question jouent les rebelles et avancent des exigences particuli\u00e8res. Comme en 2003, quand <strong>Arnold Schwarzenegger<\/strong>, alors en passe de devenir Gouverneur de Californie, avait \u00ab\u2009somm\u00e9\u2009\u00bb la Columbia de pr\u00e9senter son nouveau long m\u00e9trage, <strong>Terminator 3<\/strong>, non pas dans la ville lumi\u00e8re, mais bel et bien \u00e0 <a href=\"https:\/\/actu.fr\/toulouse\/\" rel=\"nofollow noopener\" target=\"_blank\"><strong>Toulouse<\/strong><\/a>, au Gaumont Wilson (aujourd\u2019hui <strong>Path\u00e9<\/strong>). R\u00e9cit de l\u2019une des journ\u00e9es les plus hollywoodiennes de l\u2019histoire de la Ville Rose\u2026<\/p>\n<p>Un Terminator sur le Tour<\/p>\n<p class=\" wall-content\">Le Tour de France doit arriver \u00e0 Toulouse. Les coureurs sont partis de Narbonne. Le temps est au beau fixe.\u00a0La onzi\u00e8me \u00e9tape voit le champion am\u00e9ricain<strong> Lance Armstrong<\/strong> affirmer sa supr\u00e9matie. C\u2019est par ailleurs lui qui remportera le Tour, \u00e9galant le record de Miguel Indurain, Jacques Anquetil, Eddy Merckx et Bernard Hinault. Personne ne soup\u00e7onne alors que le coureur fera la une 9 ans plus tard dans le cadre d\u2019une sombre affaire de dopage. Sur le Tour de France o\u00f9 la caravane fait la joie des fans venus se rassembler sur les routes pour tenter d\u2019apercevoir les cyclistes, mais aussi d\u2019attraper les petits cadeaux et autres friandises que jettent les v\u00e9hicules de l\u2019embl\u00e9matique et <strong>tr\u00e8s populaire caravane<\/strong>. Elle a d\u2019ailleurs, en cette ann\u00e9e 2003, un c\u00f4t\u00e9 tr\u00e8s am\u00e9ricain.<\/p>\n<p>Ambiance post-apocalyptique<\/p>\n<p class=\" wall-content\">Entre les voitures aux couleurs d\u2019une c\u00e9l\u00e8bre marque de charcuterie et autres camionnettes d\u00e9cor\u00e9es de logos bien connus des Fran\u00e7ais d\u00e9filent plusieurs v\u00e9hicules noirs \u00e0 l\u2019aspect futuriste. Une reproduction XXL du <strong>T-800<\/strong>, le Terminator qu\u2019incarne Arnold Schwarzenegger au cin\u00e9ma depuis 1984 tr\u00f4ne m\u00eame sur le toit de l\u2019une de ces voitures. Rarement les fans du Tour ont assist\u00e9 \u00e0 pareil spectacle. Afin de promouvoir la sortie du troisi\u00e8me volet de la saga de science-fiction initi\u00e9e par James Cameron, la Columbia a mis les petits plats dans les grands et carr\u00e9ment infiltr\u00e9 la grande boucle. Le plus beau \u00e9tant que la star du blockbuster, Arnold Schwarzenegger lui-m\u00eame, a fait le d\u00e9placement.<\/p>\n<p>Un supporter pas comme les autres<\/p>\n<p class=\" wall-content\">Cycliste convaincu, Schwarzy n\u2019a pas souhait\u00e9 pour autant enfourcher son plus beau v\u00e9lo et se frotter aux d\u00e9nivel\u00e9s des routes fran\u00e7aises. Le Tour, il le suit depuis un h\u00e9licopt\u00e8re, histoire de profiter d\u2019une vue d\u2019ensemble. L\u2019occasion \u00e9galement pour lui de pr\u00e9senter Terminator 3 \u00e0 Toulouse, le soir-m\u00eame, au<strong> Gaumont Wilson<\/strong>.<\/p>\n<p>Toulouse dans le collimateur du T-800<\/p>\n<p class=\" wall-content\"><strong>Place du Pr\u00e9sident Wilson<\/strong>, d\u00e9but d\u2019apr\u00e8s-midi. Le soleil brille. Un \u00e9pisode caniculaire vient de se terminer, un autre se pr\u00e9pare. Aux alentours du cin\u00e9ma Gaumont, de nombreux fans commencent \u00e0 prendre place. L\u2019enjeu est important. Ils le savent, Arnold a pr\u00e9vu d\u2019arriver vers 17h et il s\u2019agit donc de bien se placer pour tenter de le voir, de l\u2019approcher ou pourquoi pas, de lui serrer la main. Les t-shirts \u00e0 l\u2019effigie de la star sont nombreux. Certains admirateurs de l\u2019ancien bodybuilder en ont profit\u00e9 pour acqu\u00e9rir la nouvelle \u00e9dition collector de Terminator 2 afin de la faire d\u00e9dicacer.<\/p>\n<p>Tapis rouge \u00e0 l\u2019am\u00e9ricaine<\/p>\n<p class=\" wall-content\"><a href=\"https:\/\/www.ina.fr\/ina-eclaire-actu\/video\/tl00001319830\/visite-d-arnold-schwarzenegger-a-toulouse\" rel=\"nofollow noopener\" target=\"_blank\"><strong>Arnold est \u00e0 l\u2019heure<\/strong><\/a>. Alors que les fameuses voitures d\u00e9cor\u00e9es aux couleurs du film encouragent plusieurs personnes \u00e0 prendre la pose, Schwarzy d\u00e9barque dans un v\u00e9hicule plus sobre, tr\u00e8s \u00e9loign\u00e9 de son Hummer de pr\u00e9dilection, qu\u2019il conduit en Californie. Une voiture qu\u2019il est d\u2019ailleurs le premier a avoir utilis\u00e9 en dehors du cadre militaire, encourageant la marque \u00e0 plus tard proposer des mod\u00e8les aux civils. Tr\u00e8s souriant, comme toujours, Arnold se pr\u00eate aux jeux des photographes et des fans. Il serre des mains, s\u2019arr\u00eate quelques minutes pour r\u00e9pondre \u00e0 des questions, l\u00e8ve le pouce et p\u00e9n\u00e8tre dans le cin\u00e9ma.\u00a0<\/p>\n<p>Quitte ou double (d\u00e9tente)<\/p>\n<p class=\" wall-content\">L\u2019\u00e9quipe du Gaumont n\u2019avait pr\u00e9vu qu\u2019une seule salle pour recevoir Arnold Schwarzenegger avant de projeter Terminator 3. Devant l\u2019affluence incroyable, une deuxi\u00e8me salle a \u00e9t\u00e9 ouverte. Les fans qui n\u2019avaient pas r\u00e9ussi \u00e0 avoir des invitations sont ravis. Eux aussi vont pouvoir acc\u00e9der \u00e0 l\u2019avant-premi\u00e8re et rencontrer l\u2019acteur. Pour ces derniers, c\u2019est n\u00e9anmoins la douche froide. Alors qu\u2019ils prennent place dans la deuxi\u00e8me salle, Schwarzy s\u2019adresse aux spectateurs de la premi\u00e8re et ressort, sans faire \u00e9tape dans la seconde. Alors que la lumi\u00e8re s\u2019\u00e9teint et que la projection commence, certains fans s\u2019inqui\u00e8tent et ressortent. Dans les couloirs feutr\u00e9s du cin\u00e9ma, quelques admirateurs affichent un sourire b\u00e9at, une photo d\u00e9dicac\u00e9e en main. Oui Arnold est pass\u00e9 mais il est d\u00e9j\u00e0 reparti.<\/p>\n<p>Last Action Hero<\/p>\n<p class=\" wall-content\">\u00c0 cette occasion, Arnold Schwarzenegger est aussi mont\u00e9 sur le podium du jour pour f\u00e9liciter son ami Lance Armstrong qui a bien s\u00fbr conserv\u00e9 son maillot jaune. Le tout avant de filer plein ouest, direction la Californie. Dans sa t\u00eate, l\u2019homme n\u2019est d\u00e9j\u00e0 plus un acteur de cin\u00e9ma. La campagne des \u00e9lections pour le poste de gouverneur de son \u00e9tat a d\u00e9but\u00e9. \u00c9lections qu\u2019il remportera le 17\u00a0novembre de la m\u00eame ann\u00e9e.<\/p>\n<p>\u00ab\u2009I\u2019ll be back\u2009\u00bb (ou pas)<\/p>\n<p class=\" wall-content\">Arnold Schwarzenegger avait lanc\u00e9<strong> \u00ab\u2009je reviendrai\u2009\u00bb<\/strong> \u00e0 l\u2019occasion de sa visite toulousaine, reprenant bien s\u00fbr la r\u00e9plique la plus c\u00e9l\u00e8bre du Terminator. Plus de 20\u00a0ans plus tard, on l\u2019attend toujours\u2026<\/p>\n<p class=\" wall-content\">Suivez toute l\u2019actualit\u00e9 de vos villes et m\u00e9dias favoris en vous inscrivant \u00e0 <a href=\"https:\/\/moncompte.actu.fr\" title=\"D\u00e9couvez Mon Actu\" rel=\"nofollow noopener\" data-trk=\"{&quot;cta&quot;:{&quot;action&quot;:&quot;https:\\\/\\\/moncompte.actu.fr&quot;,&quot;category&quot;:&quot;mon compte&quot;,&quot;from&quot;:&quot;article footer&quot;,&quot;name&quot;:&quot;Mon actu&quot;,&quot;type&quot;:&quot;cta&quot;}}\" target=\"_blank\">Mon Actu<\/a>.<\/p>\n","protected":false},"excerpt":{"rendered":"Par Gilles Rolland Publi\u00e9 le 13 juil. 2025 \u00e0 9h32 Capitale de France, mais aussi des avant-premi\u00e8res hollywoodiennes&hellip;\n","protected":false},"author":2,"featured_media":246675,"comment_status":"","ping_status":"","sticky":false,"template":"","format":"standard","meta":{"footnotes":""},"categories":[2816],"tags":[1111,11,650,1777,674,1011,27,1757,12,2680,25,2312],"class_list":{"0":"post-246674","1":"post","2":"type-post","3":"status-publish","4":"format-standard","5":"has-post-thumbnail","7":"category-toulouse","8":"tag-actu","9":"tag-actualites","10":"tag-cinema","11":"tag-eu","12":"tag-europe","13":"tag-fr","14":"tag-france","15":"tag-insolite","16":"tag-news","17":"tag-occitanie","18":"tag-republique-francaise","19":"tag-toulouse"},"share_on_mastodon":{"url":"https:\/\/pubeurope.com\/@fr\/114844804225413241","error":""},"_links":{"self":[{"href":"https:\/\/www.europesays.com\/fr\/wp-json\/wp\/v2\/posts\/246674","targetHints":{"allow":["GET"]}}],"collection":[{"href":"https:\/\/www.europesays.com\/fr\/wp-json\/wp\/v2\/posts"}],"about":[{"href":"https:\/\/www.europesays.com\/fr\/wp-json\/wp\/v2\/types\/post"}],"author":[{"embeddable":true,"href":"https:\/\/www.europesays.com\/fr\/wp-json\/wp\/v2\/users\/2"}],"replies":[{"embeddable":true,"href":"https:\/\/www.europesays.com\/fr\/wp-json\/wp\/v2\/comments?post=246674"}],"version-history":[{"count":0,"href":"https:\/\/www.europesays.com\/fr\/wp-json\/wp\/v2\/posts\/246674\/revisions"}],"wp:featuredmedia":[{"embeddable":true,"href":"https:\/\/www.europesays.com\/fr\/wp-json\/wp\/v2\/media\/246675"}],"wp:attachment":[{"href":"https:\/\/www.europesays.com\/fr\/wp-json\/wp\/v2\/media?parent=246674"}],"wp:term":[{"taxonomy":"category","embeddable":true,"href":"https:\/\/www.europesays.com\/fr\/wp-json\/wp\/v2\/categories?post=246674"},{"taxonomy":"post_tag","embeddable":true,"href":"https:\/\/www.europesays.com\/fr\/wp-json\/wp\/v2\/tags?post=246674"}],"curies":[{"name":"wp","href":"https:\/\/api.w.org\/{rel}","templated":true}]}}