{"id":246678,"date":"2025-07-13T07:46:09","date_gmt":"2025-07-13T07:46:09","guid":{"rendered":"https:\/\/www.europesays.com\/fr\/246678\/"},"modified":"2025-07-13T07:46:09","modified_gmt":"2025-07-13T07:46:09","slug":"25-policiers-vont-defiler-sur-le-vieux-port-pour-le-14-juillet-une-premiere-depuis-30-ans","status":"publish","type":"post","link":"https:\/\/www.europesays.com\/fr\/246678\/","title":{"rendered":"25 policiers vont d\u00e9filer sur le Vieux-Port pour le 14-Juillet, une premi\u00e8re depuis 30\u00a0ans"},"content":{"rendered":"<p>\u00ab\u00a0Mon fils a pass\u00e9 cinq ann\u00e9es chez les parachutistes. Il a <a href=\"https:\/\/www.laprovence.com\/article\/faits-divers-justice\/9985631268593314\/bernadette-seule-douaniere-de-marseille-a-defiler-le-14-juillet-a-paris\" target=\"_blank\" rel=\"noopener\">d\u00e9fil\u00e9 \u00e0 Paris pour le 14-Juillet<\/a>\u00a02022. C\u2019est un grand souvenir pour lui, et c\u2019\u00e9tait une fiert\u00e9 pour moi. Alors quand l\u2019occasion s\u2019est pr\u00e9sent\u00e9e \u00e0 <a href=\"https:\/\/www.laprovence.com\/bouches-du-rhone\/marseille-13055\" target=\"_blank\" rel=\"noopener\">Marseille<\/a> cette ann\u00e9e, \u00e7a permettait de partager l\u2019exp\u00e9rience\u2026\u00a0\u00bb St\u00e9phane* a 58\u00a0ans, son fils Romain* en a 27. Tous deux sont policiers, le premier en poste au commissariat de Martigues, le second, \u00e0 la Division Nord de Marseille.<\/p>\n","protected":false},"excerpt":{"rendered":"\u00ab\u00a0Mon fils a pass\u00e9 cinq ann\u00e9es chez les parachutistes. Il a d\u00e9fil\u00e9 \u00e0 Paris pour le 14-Juillet\u00a02022. C\u2019est&hellip;\n","protected":false},"author":2,"featured_media":246679,"comment_status":"","ping_status":"","sticky":false,"template":"","format":"standard","meta":{"footnotes":""},"categories":[2814],"tags":[10915,17,1111,11,38509,1777,674,274,1011,27,884,12,6890,471,882,25,3356,1179,3974],"class_list":{"0":"post-246678","1":"post","2":"type-post","3":"status-publish","4":"format-standard","5":"has-post-thumbnail","7":"category-marseille","8":"tag-14-juillet","9":"tag-17","10":"tag-actu","11":"tag-actualites","12":"tag-defiler","13":"tag-eu","14":"tag-europe","15":"tag-faits-divers-justice","16":"tag-fr","17":"tag-france","18":"tag-marseille","19":"tag-news","20":"tag-policiers","21":"tag-pour","22":"tag-provence-alpes-cote-dazur","23":"tag-republique-francaise","24":"tag-sur","25":"tag-vieux-port","26":"tag-vont"},"share_on_mastodon":{"url":"https:\/\/pubeurope.com\/@fr\/114844820087700501","error":""},"_links":{"self":[{"href":"https:\/\/www.europesays.com\/fr\/wp-json\/wp\/v2\/posts\/246678","targetHints":{"allow":["GET"]}}],"collection":[{"href":"https:\/\/www.europesays.com\/fr\/wp-json\/wp\/v2\/posts"}],"about":[{"href":"https:\/\/www.europesays.com\/fr\/wp-json\/wp\/v2\/types\/post"}],"author":[{"embeddable":true,"href":"https:\/\/www.europesays.com\/fr\/wp-json\/wp\/v2\/users\/2"}],"replies":[{"embeddable":true,"href":"https:\/\/www.europesays.com\/fr\/wp-json\/wp\/v2\/comments?post=246678"}],"version-history":[{"count":0,"href":"https:\/\/www.europesays.com\/fr\/wp-json\/wp\/v2\/posts\/246678\/revisions"}],"wp:featuredmedia":[{"embeddable":true,"href":"https:\/\/www.europesays.com\/fr\/wp-json\/wp\/v2\/media\/246679"}],"wp:attachment":[{"href":"https:\/\/www.europesays.com\/fr\/wp-json\/wp\/v2\/media?parent=246678"}],"wp:term":[{"taxonomy":"category","embeddable":true,"href":"https:\/\/www.europesays.com\/fr\/wp-json\/wp\/v2\/categories?post=246678"},{"taxonomy":"post_tag","embeddable":true,"href":"https:\/\/www.europesays.com\/fr\/wp-json\/wp\/v2\/tags?post=246678"}],"curies":[{"name":"wp","href":"https:\/\/api.w.org\/{rel}","templated":true}]}}