{"id":246680,"date":"2025-07-13T07:47:09","date_gmt":"2025-07-13T07:47:09","guid":{"rendered":"https:\/\/www.europesays.com\/fr\/246680\/"},"modified":"2025-07-13T07:47:09","modified_gmt":"2025-07-13T07:47:09","slug":"des-athletes-en-quete-de-minima-au-meeting-international-de-marseille","status":"publish","type":"post","link":"https:\/\/www.europesays.com\/fr\/246680\/","title":{"rendered":"des athl\u00e8tes en qu\u00eate de minima au meeting international de Marseille"},"content":{"rendered":"<p>\u00ab\u00a0\u00c0 Marseille, il y a toujours des minima. Il n&rsquo;y a donc pas de raison que \u00e7a change\u00a0\u00bb, s&rsquo;enthousiasme Laurent Manneveau, directeur du <a href=\"https:\/\/www.laprovence.com\/article\/sports\/316921962827315\/athletisme-meeting-international-de-marseille-anouar-bourahla-dans-la-cour-des-grands\" target=\"_blank\" rel=\"noopener\">meeting international de Marseille<\/a> dont la 19e \u00e9dition aura lieu ce soir au stade Delort.<\/p>\n<p>\u00c0 deux mois jour pour jour des championnats du monde, les meilleurs des 140 athl\u00e8tes engag\u00e9s iront en effet chercher le pr\u00e9cieux s\u00e9same pour Tokyo. \u00ab\u00a0Sur une p\u00e9riode tr\u00e8s charg\u00e9e avec beaucoup de meetings, le plateau a beaucoup chang\u00e9 mais est, au final, tr\u00e8s homog\u00e8ne, poursuit celui qui a concoct\u00e9 le programme. Parmi les \u00e9preuves les plus relev\u00e9es, on devrait avoir un 3000m hommes exceptionnel, le 800m aussi avec Yanis Meziane qui a fait l&rsquo;impasse sur Monaco pour se pr\u00e9server pour Marseille o\u00f9 il se sent bien. On a d&rsquo;ailleurs mont\u00e9 une course pour qu&rsquo;il fasse un tr\u00e8s bon chrono. \u00c7a devrait aussi aller tr\u00e8s vite sur 400m, chez les femmes comme chez les hommes.\u00a0\u00bb<\/p>\n","protected":false},"excerpt":{"rendered":"\u00ab\u00a0\u00c0 Marseille, il y a toujours des minima. Il n&rsquo;y a donc pas de raison que \u00e7a change\u00a0\u00bb,&hellip;\n","protected":false},"author":2,"featured_media":246681,"comment_status":"","ping_status":"","sticky":false,"template":"","format":"standard","meta":{"footnotes":""},"categories":[2814],"tags":[17,1111,11,27040,4132,154,1777,674,1011,27,14,884,3918,38612,12,882,9742,25,60],"class_list":{"0":"post-246680","1":"post","2":"type-post","3":"status-publish","4":"format-standard","5":"has-post-thumbnail","7":"category-marseille","8":"tag-17","9":"tag-actu","10":"tag-actualites","11":"tag-athletes","12":"tag-athletisme","13":"tag-des","14":"tag-eu","15":"tag-europe","16":"tag-fr","17":"tag-france","18":"tag-international","19":"tag-marseille","20":"tag-meeting","21":"tag-minima","22":"tag-news","23":"tag-provence-alpes-cote-dazur","24":"tag-quete","25":"tag-republique-francaise","26":"tag-sports"},"share_on_mastodon":{"url":"https:\/\/pubeurope.com\/@fr\/114844824093423208","error":""},"_links":{"self":[{"href":"https:\/\/www.europesays.com\/fr\/wp-json\/wp\/v2\/posts\/246680","targetHints":{"allow":["GET"]}}],"collection":[{"href":"https:\/\/www.europesays.com\/fr\/wp-json\/wp\/v2\/posts"}],"about":[{"href":"https:\/\/www.europesays.com\/fr\/wp-json\/wp\/v2\/types\/post"}],"author":[{"embeddable":true,"href":"https:\/\/www.europesays.com\/fr\/wp-json\/wp\/v2\/users\/2"}],"replies":[{"embeddable":true,"href":"https:\/\/www.europesays.com\/fr\/wp-json\/wp\/v2\/comments?post=246680"}],"version-history":[{"count":0,"href":"https:\/\/www.europesays.com\/fr\/wp-json\/wp\/v2\/posts\/246680\/revisions"}],"wp:featuredmedia":[{"embeddable":true,"href":"https:\/\/www.europesays.com\/fr\/wp-json\/wp\/v2\/media\/246681"}],"wp:attachment":[{"href":"https:\/\/www.europesays.com\/fr\/wp-json\/wp\/v2\/media?parent=246680"}],"wp:term":[{"taxonomy":"category","embeddable":true,"href":"https:\/\/www.europesays.com\/fr\/wp-json\/wp\/v2\/categories?post=246680"},{"taxonomy":"post_tag","embeddable":true,"href":"https:\/\/www.europesays.com\/fr\/wp-json\/wp\/v2\/tags?post=246680"}],"curies":[{"name":"wp","href":"https:\/\/api.w.org\/{rel}","templated":true}]}}