{"id":246682,"date":"2025-07-13T07:48:09","date_gmt":"2025-07-13T07:48:09","guid":{"rendered":"https:\/\/www.europesays.com\/fr\/246682\/"},"modified":"2025-07-13T07:48:09","modified_gmt":"2025-07-13T07:48:09","slug":"des-anciens-deputes-et-une-elue-de-la-metropole-de-lyon-distingues","status":"publish","type":"post","link":"https:\/\/www.europesays.com\/fr\/246682\/","title":{"rendered":"des anciens d\u00e9put\u00e9s et une \u00e9lue de la M\u00e9tropole de Lyon distingu\u00e9s"},"content":{"rendered":"<p>Au total, 497 nouveaux chevaliers ont \u00e9t\u00e9 d\u00e9voil\u00e9s, ainsi que 68 officiers, 18 commandeurs, 4 grands officiers et 2 grand&rsquo;croix.<\/p>\n<p>Comme \u00e0 chaque promotion, on assiste \u00e0 un m\u00e9lange de r\u00e9compenses entre amis (Bruno Le Maire, Eric Dupond-Moretti, Olivier V\u00e9ran, Alexis Kohler\u2026), de c\u00e9l\u00e9brit\u00e9s (Marc Levy, Jean-Louis Aubert, L\u00e9a Drucker, Sophia Aram\u2026) et de personnalit\u00e9s moins connues remerci\u00e9es pour leurs services pour la France et leur communaut\u00e9.<\/p>\n<p>Parmi les Lyonnais r\u00e9compens\u00e9s ce 14 juillet, on retrouve notamment <a href=\"https:\/\/www.lyonmag.com\/profil-personnalite-lyonnaise\/686\/anne-grosperrin\" target=\"_blank\" rel=\"noopener nofollow\">Anne Grosperrin<\/a>, vice-pr\u00e9sidente de la M\u00e9tropole de Lyon charg\u00e9e de l&rsquo;Eau. Celle qui a pilot\u00e9 le passage \u00e0 une r\u00e9gie publique de l&rsquo;eau devient chevalier sur proposition du minist\u00e8re de la Transition \u00e9cologique.<\/p>\n<p>Du c\u00f4t\u00e9 du minist\u00e8re de l&rsquo;Int\u00e9rieur, <a href=\"https:\/\/www.lyonmag.com\/profil-personnalite-lyonnaise\/19\/francois-noel-buffet\" target=\"_blank\" rel=\"noopener nofollow\">Fran\u00e7ois-No\u00ebl Buffet<\/a> n&rsquo;oublie pas ses amis. Sur proposition de Beauvau, deux anciens d\u00e9put\u00e9s du Rh\u00f4ne vont devenir chevaliers. Il s&rsquo;agit de <a href=\"https:\/\/www.lyonmag.com\/profil-personnalite-lyonnaise\/96\/michel-terrot\" target=\"_blank\" rel=\"noopener nofollow\">Michel Terrot<\/a>, qui fut maire d&rsquo;Oullins avant Fran\u00e7ois-No\u00ebl Buffet, et de <a href=\"https:\/\/www.lyonmag.com\/profil-personnalite-lyonnaise\/249\/patrice-verchere\" target=\"_blank\" rel=\"noopener nofollow\">Patrice Verch\u00e8re<\/a>, actuel vice-pr\u00e9sident du D\u00e9partement du Rh\u00f4ne et maire de Cours.<\/p>\n<p>Chez les personnalit\u00e9s pass\u00e9es par Lyon, on notera la promotion de <a href=\"https:\/\/www.lyonmag.com\/profil-personnalite-lyonnaise\/260\/stephane-bouillon\" target=\"_blank\" rel=\"noopener nofollow\">St\u00e9phane Bouillon<\/a>, qui fut pr\u00e9fet du Rh\u00f4ne de 2017 \u00e0 2018, et devient commandeur sur proposition du Premier ministre. Son pr\u00e9fet d\u00e9l\u00e9gu\u00e9 \u00e0 la S\u00e9curit\u00e9 \u00e0 Lyon, <a href=\"https:\/\/www.lyonmag.com\/profil-personnalite-lyonnaise\/347\/etienne-stoskopf\" target=\"_blank\" rel=\"noopener nofollow\">Etienne Stoskopf<\/a>, est lui fait chevalier \u00e0 l&rsquo;occasion de cette promotion.<\/p>\n<p>Enfin, <a href=\"https:\/\/www.lyonmag.com\/profil-personnalite-lyonnaise\/302\/khaled-bouabdallah\" target=\"_blank\" rel=\"noopener nofollow\">Khaled Bouabdallah<\/a>, ancien pr\u00e9sident de l&rsquo;Universit\u00e9 de Lyon, est fait officier par le minist\u00e8re de l&rsquo;Education nationale.<\/p>\n","protected":false},"excerpt":{"rendered":"Au total, 497 nouveaux chevaliers ont \u00e9t\u00e9 d\u00e9voil\u00e9s, ainsi que 68 officiers, 18 commandeurs, 4 grands officiers et&hellip;\n","protected":false},"author":2,"featured_media":246683,"comment_status":"","ping_status":"","sticky":false,"template":"","format":"standard","meta":{"footnotes":""},"categories":[1889],"tags":[1111,11,2813,2190,2430,1109,251,1112,2811,1777,674,118,1011,27,1922,1110,1114,2428,2810,12,241,316,25,2812,517,800],"class_list":{"0":"post-246682","1":"post","2":"type-post","3":"status-publish","4":"format-standard","5":"has-post-thumbnail","7":"category-lyon","8":"tag-actu","9":"tag-actualites","10":"tag-article","11":"tag-asvel","12":"tag-auvergne-rhone-alpes","13":"tag-breves","14":"tag-culture","15":"tag-depeches","16":"tag-economique","17":"tag-eu","18":"tag-europe","19":"tag-faits-divers","20":"tag-fr","21":"tag-france","22":"tag-info","23":"tag-informations","24":"tag-infos","25":"tag-lyon","26":"tag-lyonmag","27":"tag-news","28":"tag-ol","29":"tag-politique","30":"tag-republique-francaise","31":"tag-sociale","32":"tag-sport","33":"tag-transports"},"share_on_mastodon":{"url":"https:\/\/pubeurope.com\/@fr\/114844827890203057","error":""},"_links":{"self":[{"href":"https:\/\/www.europesays.com\/fr\/wp-json\/wp\/v2\/posts\/246682","targetHints":{"allow":["GET"]}}],"collection":[{"href":"https:\/\/www.europesays.com\/fr\/wp-json\/wp\/v2\/posts"}],"about":[{"href":"https:\/\/www.europesays.com\/fr\/wp-json\/wp\/v2\/types\/post"}],"author":[{"embeddable":true,"href":"https:\/\/www.europesays.com\/fr\/wp-json\/wp\/v2\/users\/2"}],"replies":[{"embeddable":true,"href":"https:\/\/www.europesays.com\/fr\/wp-json\/wp\/v2\/comments?post=246682"}],"version-history":[{"count":0,"href":"https:\/\/www.europesays.com\/fr\/wp-json\/wp\/v2\/posts\/246682\/revisions"}],"wp:featuredmedia":[{"embeddable":true,"href":"https:\/\/www.europesays.com\/fr\/wp-json\/wp\/v2\/media\/246683"}],"wp:attachment":[{"href":"https:\/\/www.europesays.com\/fr\/wp-json\/wp\/v2\/media?parent=246682"}],"wp:term":[{"taxonomy":"category","embeddable":true,"href":"https:\/\/www.europesays.com\/fr\/wp-json\/wp\/v2\/categories?post=246682"},{"taxonomy":"post_tag","embeddable":true,"href":"https:\/\/www.europesays.com\/fr\/wp-json\/wp\/v2\/tags?post=246682"}],"curies":[{"name":"wp","href":"https:\/\/api.w.org\/{rel}","templated":true}]}}