{"id":246690,"date":"2025-07-13T07:53:11","date_gmt":"2025-07-13T07:53:11","guid":{"rendered":"https:\/\/www.europesays.com\/fr\/246690\/"},"modified":"2025-07-13T07:53:11","modified_gmt":"2025-07-13T07:53:11","slug":"une-finale-qui-vaut-85-me-paris-deja-assure-de-toucher-un-tres-gros-cheque","status":"publish","type":"post","link":"https:\/\/www.europesays.com\/fr\/246690\/","title":{"rendered":"une finale qui vaut 8,5 M\u20ac, Paris d\u00e9j\u00e0 assur\u00e9 de toucher un (tr\u00e8s) gros ch\u00e8que"},"content":{"rendered":"<p><strong>SCAN SPORT<\/strong> \u2013 Le Paris Saint-Germain est d\u2019ores et d\u00e9j\u00e0 assur\u00e9 de repartir des \u00c9tats-Unis avec un peu plus de 90 M\u20ac dans ses valises gr\u00e2ce \u00e0 la Coupe du monde des clubs.<\/p>\n<p class=\"fig-paragraph\">\u00abC\u2019est une opportunit\u00e9 en or\u00bb.\u00a0<a href=\"http:\/\/www.lefigaro.fr\/sports\/football\/coupe-du-monde-des-clubs-ca-ne-va-pas-etre-une-formalite-previent-luis-enrique-avant-psg-chelsea-20250712\" data-fig-type=\"NewsFlash\" data-gtm-custom-categorie=\"navigation\" data-gtm-custom-action=\"crossclick\" data-gtm-custom-label=\"Contextuel\" data-gtm-event=\"customEventSPE\" data-fig-domain=\"LEFIGARO\" target=\"_blank\" rel=\"noopener\">\u00c0 l\u2019image de Marquinhos<\/a>, les Parisiens sont particuli\u00e8rement motiv\u00e9s \u00e0 l\u2019id\u00e9e d\u2019ajouter un troph\u00e9e de plus \u00e0 leur collection.\u00a0<a href=\"http:\/\/www.lefigaro.fr\/sports\/football\/coupe-du-monde\/coupe-du-monde-des-clubs-chelsea-psg-un-nouveau-rendez-vous-avec-l-histoire-20250712\" data-fig-type=\"Article\" data-gtm-custom-categorie=\"navigation\" data-gtm-custom-action=\"crossclick\" data-gtm-custom-label=\"Contextuel\" data-gtm-event=\"customEventSPE\" data-fig-domain=\"LEFIGARO\" target=\"_blank\" rel=\"noopener\">Ils affrontent Chelsea ce dimanche (21h)<\/a>, au MetLife Stadium, pr\u00e8s de New York, en finale de la Coupe du monde des clubs. \u00abNous allons prendre ce match \u00e0 100% et essayer de mettre un terme id\u00e9al \u00e0 cette saison historique\u00bb,\u00a0<a href=\"http:\/\/www.lefigaro.fr\/sports\/football\/coupe-du-monde-des-clubs-ca-ne-va-pas-etre-une-formalite-previent-luis-enrique-avant-psg-chelsea-20250712\" data-fig-type=\"NewsFlash\" data-gtm-custom-categorie=\"navigation\" data-gtm-custom-action=\"crossclick\" data-gtm-custom-label=\"Contextuel\" data-gtm-event=\"customEventSPE\" data-fig-domain=\"LEFIGARO\" target=\"_blank\" rel=\"noopener\">promet Luis Enrique<\/a>, qui a toujours respect\u00e9 la comp\u00e9tition en alignant ses meilleurs joueurs. Une comp\u00e9tition \u00e0 laquelle les joueurs du PSG ne sont pas les seuls \u00e0 tenir. Le club l\u2019avait en effet coch\u00e9 depuis longtemps sur son calendrier, y voyant\u00a0<a href=\"http:\/\/www.lefigaro.fr\/sports\/football\/coupe-du-monde\/coupe-du-monde-des-clubs-pourquoi-le-psg-tient-tant-a-cette-competition-qui-fait-grincer-des-dents-20250615\" data-fig-type=\"NewsFlash\" data-gtm-custom-categorie=\"navigation\" data-gtm-custom-action=\"crossclick\" data-gtm-custom-label=\"Contextuel\" data-gtm-event=\"customEventSPE\" data-fig-domain=\"LEFIGARO\" target=\"_blank\" rel=\"noopener\">une opportunit\u00e9 inou\u00efe en termes de marketing \u00e0 l\u2019international et de business<\/a>. Jusqu\u2019ici, l\u2019op\u00e9ration est rondement men\u00e9e, sur tous les fronts, sur le terrain et en dehors.<\/p>\n<p class=\"fig-paragraph\">Ce Mondial des clubs a aussi permis de remplir les caisses parisiennes. Le prize money \u00e9tait en effet cons\u00e9quent, avec 1 milliard de dollars am\u00e9ricain en jeu. Et le PSG va empocher aux environs de 10% de la somme\u00a0!<\/p>\n<p>                                    <a class=\"fig-a11y-skip a11y-hidden\" href=\"#fig-a11y-skip-main-inarticle\"><br \/>\n        Passer la publicit\u00e9<br \/>\n    <\/a><\/p>\n<p class=\"fig-paragraph\">Les revenus allou\u00e9s aux clubs participants sont r\u00e9partis en deux cat\u00e9gories, la participation et la performance pure et dure. Les clubs europ\u00e9ens touchaient entre 12,81 et 38,19 M$, la plus grosse part, soit entre 10,95 et 32,67 M\u20ac. A en croire l\u2019\u00e9valuation du site\u00a0<a href=\"https:\/\/www.nytimes.com\/athletic\/6455606\/2025\/06\/28\/club-world-cup-prize-money-rankings\/\" target=\"_blank\" rel=\"sponsored noopener\" data-gtm-custom-categorie=\"navigation\" data-gtm-custom-action=\"crossclick\" data-gtm-custom-label=\"Contextuel\" data-gtm-event=\"customEventSPE\">The Athletic<\/a>, le Paris-SG se situe dans la fourchette haute, avec 26,8 M\u20ac empoch\u00e9s au titre de sa participation.<\/p>\n<p>D\u00e9j\u00e0 plus de 90 M\u20ac assur\u00e9s<\/p>\n<p class=\"fig-paragraph\">\u00c0 noter que la Fifa n\u2019a pas donn\u00e9 plus de pr\u00e9cision que la fourchette pr\u00e9c\u00e9demment \u00e9voqu\u00e9e \u00e0 ce sujet. Pour ce qui est des primes li\u00e9es \u00e0 la performance en revanche, l\u2019information est publique et disponible sur\u00a0<a href=\"https:\/\/www.fifa.com\/en\/tournaments\/mens\/club-world-cup\/usa-2025\/articles\/record-prize-money-solidarity\" target=\"_blank\" rel=\"sponsored noopener\" data-gtm-custom-categorie=\"navigation\" data-gtm-custom-action=\"crossclick\" data-gtm-custom-label=\"Contextuel\" data-gtm-event=\"customEventSPE\">le site de l\u2019instance<\/a>. En phase de poules, chaque victoire rapportait 2 M$ (1,71 M\u20ac) et 1 M$ pour un match nul (0,85 M\u20ac). Les Parisiens ayant boucl\u00e9 cette premi\u00e8re phase avec deux succ\u00e8s et un revers, ils ont touch\u00e9 4 M$ (3,42 M\u20ac). La qualification en huiti\u00e8mes de finale rapportait 7,5 M$ (6,41 M\u20ac), 13,125 M$ pour un billet en quarts (11,2 M\u20ac) et 21 M$ pour les demies (17,96 M\u20ac).\u00a0<a href=\"http:\/\/www.lefigaro.fr\/sports\/football\/coupe-du-monde\/les-notes-de-psg-real-madrid-ruiz-et-les-parisiens-brillants-mbappe-impuissant-asencio-perdu-20250709\" data-fig-type=\"NewsFlash\" data-gtm-custom-categorie=\"navigation\" data-gtm-custom-action=\"crossclick\" data-gtm-custom-label=\"Contextuel\" data-gtm-event=\"customEventSPE\" data-fig-domain=\"LEFIGARO\" target=\"_blank\" rel=\"noopener\">La d\u00e9monstration face au Real Madrid (4-0)<\/a>, en demies, a permis au PSG de s\u2019assurer un pactole de 30 M$ (25,66 M\u20ac), la prime du finaliste malheureux. Le futur champion du monde des clubs aura droit \u00e0 10 M$ (8,55 M\u20ac) de plus.<\/p>\n<p class=\"fig-paragraph\">En clair, le Paris Saint-Germain est d\u2019ores et d\u00e9j\u00e0 assur\u00e9 de quitter le pays de l\u2019Oncle Sam avec un tr\u00e8s beau ch\u00e8que de 91,4 M\u20ac. Montant qui pourrait donc encore grimper un peu en cas de victoire en finale contre les Blues de Chelsea ce dimanche et atteindre pr\u00e8s de 100 M\u20ac. Dans tous les cas, \u00e7a valait le coup de faire le d\u00e9placement pour les champions d\u2019Europe parisiens\u2026<\/p>\n","protected":false},"excerpt":{"rendered":"SCAN SPORT \u2013 Le Paris Saint-Germain est d\u2019ores et d\u00e9j\u00e0 assur\u00e9 de repartir des \u00c9tats-Unis avec un peu&hellip;\n","protected":false},"author":2,"featured_media":246691,"comment_status":"","ping_status":"","sticky":false,"template":"","format":"standard","meta":{"footnotes":""},"categories":[1888],"tags":[1111,1928,11,1927,11871,7151,1777,674,1011,27,4977,12,1926,626,1925,93,25],"class_list":{"0":"post-246690","1":"post","2":"type-post","3":"status-publish","4":"format-standard","5":"has-post-thumbnail","7":"category-paris","8":"tag-actu","9":"tag-actu-paris","10":"tag-actualites","11":"tag-actualites-paris","12":"tag-chelsea","13":"tag-coupe-du-monde-des-clubs","14":"tag-eu","15":"tag-europe","16":"tag-fr","17":"tag-france","18":"tag-le-scan-sport","19":"tag-news","20":"tag-news-paris","21":"tag-paris","22":"tag-paris-news","23":"tag-psg","24":"tag-republique-francaise"},"share_on_mastodon":{"url":"https:\/\/pubeurope.com\/@fr\/114844847467215566","error":""},"_links":{"self":[{"href":"https:\/\/www.europesays.com\/fr\/wp-json\/wp\/v2\/posts\/246690","targetHints":{"allow":["GET"]}}],"collection":[{"href":"https:\/\/www.europesays.com\/fr\/wp-json\/wp\/v2\/posts"}],"about":[{"href":"https:\/\/www.europesays.com\/fr\/wp-json\/wp\/v2\/types\/post"}],"author":[{"embeddable":true,"href":"https:\/\/www.europesays.com\/fr\/wp-json\/wp\/v2\/users\/2"}],"replies":[{"embeddable":true,"href":"https:\/\/www.europesays.com\/fr\/wp-json\/wp\/v2\/comments?post=246690"}],"version-history":[{"count":0,"href":"https:\/\/www.europesays.com\/fr\/wp-json\/wp\/v2\/posts\/246690\/revisions"}],"wp:featuredmedia":[{"embeddable":true,"href":"https:\/\/www.europesays.com\/fr\/wp-json\/wp\/v2\/media\/246691"}],"wp:attachment":[{"href":"https:\/\/www.europesays.com\/fr\/wp-json\/wp\/v2\/media?parent=246690"}],"wp:term":[{"taxonomy":"category","embeddable":true,"href":"https:\/\/www.europesays.com\/fr\/wp-json\/wp\/v2\/categories?post=246690"},{"taxonomy":"post_tag","embeddable":true,"href":"https:\/\/www.europesays.com\/fr\/wp-json\/wp\/v2\/tags?post=246690"}],"curies":[{"name":"wp","href":"https:\/\/api.w.org\/{rel}","templated":true}]}}