{"id":246703,"date":"2025-07-13T08:00:09","date_gmt":"2025-07-13T08:00:09","guid":{"rendered":"https:\/\/www.europesays.com\/fr\/246703\/"},"modified":"2025-07-13T08:00:09","modified_gmt":"2025-07-13T08:00:09","slug":"motogp-allemagne-warm-up-live","status":"publish","type":"post","link":"https:\/\/www.europesays.com\/fr\/246703\/","title":{"rendered":"MotoGP Allemagne Warm up LIVE :"},"content":{"rendered":"<p><strong>Apr\u00e8s un vendredi sur le sec et un samedi sur le<br \/>\nmouill\u00e9, le warm up du Grand Prix d\u2019Allemagne <a href=\"https:\/\/www.motogp.com\/\" target=\"_blank\" rel=\"noopener nofollow\">MotoGP<\/a><br \/>\nau Sachsenring se d\u00e9marque de ses homologues g\u00e9n\u00e9ralement peu<br \/>\nutiles, et prend toute son importance quant au choix des<br \/>\npneumatiques pour la course de 30 tours.<\/strong><\/p>\n<p><strong><a href=\"https:\/\/www.paddock-gp.com\/?s=marc+marquez\" target=\"_blank\" rel=\"noopener nofollow\">Marc Marquez<\/a><\/strong> (Ducati<br \/>\nLenovo Team) avait pressenti d\u00e8s la Practice du vendredi que la<br \/>\nm\u00e9t\u00e9o changeante pourrait jouer un r\u00f4le capital pour la suite du<br \/>\nweek-end en Saxe, surprenant le paddock en ne se battant pas<br \/>\njusqu\u2019au bout lors de la s\u00e9ance pr\u00e9-qualificative.<br \/>Mais pour le moment, le ma\u00eetre des lieux a commis un sans-faute, si<br \/>\nl\u2019on excepte le premier virage du Sprint\u2026<\/p>\n<p>Ce n\u2019est malheureusement pas le cas de <a href=\"https:\/\/www.paddock-gp.com\/?s=vinales\" target=\"_blank\" rel=\"noopener nofollow\"><strong>Maverick Vinales<\/strong><\/a> (Red Bull KTM<br \/>\nTech3) et <a href=\"https:\/\/www.paddock-gp.com\/?s=morbidelli\" target=\"_blank\" rel=\"noopener nofollow\"><strong>Franco<br \/>\nMorbidelli<\/strong><\/a> (Pertamina Enduro VR46 Racing Team),<br \/>\nvictimes de chutes les contraignant \u00e0 arr\u00eater l\u00e0 leur prestation<br \/>\nsaxonne.<\/p>\n<p>C\u00f4t\u00e9 fran\u00e7ais, on aura bien s\u00fbr une pens\u00e9e positive pour le beau<br \/>\npodium de <a href=\"https:\/\/www.paddock-gp.com\/?s=quartararo\" target=\"_blank\" rel=\"noopener nofollow\"><strong>Fabio<br \/>\nQuartararo<\/strong><\/a> (Monster Energy Yamaha MotoGP), mais aussi,<br \/>\nbien plus compatissante, pour l\u2019\u00e9quipe Tech3 qui conna\u00eet ce<br \/>\nweek-end une premi\u00e8re en plusieurs d\u00e9cennies de pr\u00e9sence dans le<br \/>\npaddock : aucun de ses deux pilotes ne participera au Grand Prix<br \/>\n!<\/p>\n<p><strong>Les 3 moments forts du Sprint :\u00a0<\/strong><\/p>\n<p>\ufeff<\/p>\n<p>Voil\u00e0 pour un rapide tour d\u2019horizon de la situation. Pour clore<br \/>\nce onzi\u00e8me chapitre de la saison MotoGP 2025, il faudra parcourir<br \/>\n30 fois le trac\u00e9 de 3671 m\u00e8tres lors du Grand Prix ce dimanche \u00e0 14<br \/>\nheures.<\/p>\n<p>En attendant d\u2019en d\u00e9couvrir davantage, au moment o\u00f9 les 18<br \/>\npilotes se pr\u00e9parent sous un ciel nuageux et des temp\u00e9ratures<br \/>\nde\u00a0 16\u00b0 dans l\u2019air et\u00a0 17\u00b0 sur un sol humide pour cette<br \/>\ns\u00e9ance d\u2019essais libres de 10 minutes, profitons de ces quelques<br \/>\nmoments de direct gr\u00e2ce au site officiel <a href=\"https:\/\/www.facebook.com\/watch\/MotoGP\/\" target=\"_blank\" rel=\"noopener nofollow\">MotoGP.com<\/a>\u00a0:<\/p>\n<p>\ufeff<\/p>\n<p>Les pr\u00e9sentations faites, terminons par le tableau qui r\u00e9sume<br \/>\nles faits connus jusque-l\u00e0.<\/p>\n<tr valign=\"top\">\n<td style=\"color: #ff6600;\" width=\"30%\">\n<p style=\"background-color: #283555;\" align=\"center\"><strong>MotoGP\u2122 Allemagne,<br \/>\nSachsenring<\/strong><\/p>\n<\/td>\n<td style=\"color: #ff6600;\" width=\"30%\">\n<p style=\"background-color: #283555;\" align=\"center\"><strong>2024<\/strong><\/p>\n<\/td>\n<td style=\"color: #ff6600;\" width=\"30%\">\n<p style=\"background-color: #283555;\" align=\"center\"><strong>2025<\/strong><\/p>\n<\/td>\n<\/tr>\n<tr valign=\"top\">\n<td width=\"30%\">FP1<\/td>\n<td width=\"30%\">1\u201920.584 Jorge Martin (<a href=\"https:\/\/www.paddock-gp.com\/motogp-allemagne-fp1-live-3\/\" target=\"_blank\" rel=\"noopener nofollow\"><strong>Voir ici<\/strong><\/a>)<\/td>\n<td width=\"30%\">1\u201920.372 Marc Marquez (<a href=\"https:\/\/www.paddock-gp.com\/motogp-allemagne-fp1-live-4\/\" target=\"_blank\" rel=\"noopener nofollow\"><strong>Voir ici<\/strong><\/a>)<\/td>\n<\/tr>\n<tr valign=\"top\">\n<td width=\"30%\">Practice<\/td>\n<td width=\"30%\">1\u201919.622 Maverick Vinales (<a href=\"https:\/\/www.paddock-gp.com\/motogp-allemagne-practice-live\/\" target=\"_blank\" rel=\"noopener nofollow\"><strong>Voir ici<\/strong><\/a>)<\/td>\n<td width=\"30%\">1\u201919.071 Fabio Di Giannantonio (<a href=\"https:\/\/www.paddock-gp.com\/motogp-allemagne-practice-live-2\/\" target=\"_blank\" rel=\"noopener nofollow\"><strong>Voir ici<\/strong><\/a>)<\/td>\n<\/tr>\n<tr valign=\"top\">\n<td width=\"30%\">FP2<\/td>\n<td width=\"30%\">1\u201920.353 Miguel Oliveira (<a href=\"https:\/\/www.paddock-gp.com\/motogp-allemagne-fp2-live-3\/\" target=\"_blank\" rel=\"noopener nofollow\"><strong>Voir ici<\/strong><\/a>)<\/td>\n<td width=\"30%\">1\u201928.277 Marc Marquez (<a href=\"https:\/\/www.paddock-gp.com\/motogp-allemagne-fp2-live-4\/\" target=\"_blank\" rel=\"noopener nofollow\"><strong>Voir ici<\/strong><\/a>)<\/td>\n<\/tr>\n<tr valign=\"top\">\n<td width=\"30%\">Q1<\/td>\n<td width=\"30%\">1\u201919.678 Raul Fernandez (<strong><a href=\"https:\/\/www.paddock-gp.com\/motogp-sachsenring-qualifications-live\/\" target=\"_blank\" rel=\"noopener nofollow\">Voir ici<\/a><\/strong>)<\/td>\n<td width=\"30%\">1\u201927.827 Johann Zarco (<strong><a href=\"https:\/\/www.paddock-gp.com\/motogp-allemagne-qualifications\/\" target=\"_blank\" rel=\"noopener nofollow\">Voir ici<\/a><\/strong>)<\/td>\n<\/tr>\n<tr valign=\"top\">\n<td width=\"30%\">Q2<\/td>\n<td width=\"30%\">1\u201919.423 Jorge Martin (<strong><a href=\"https:\/\/www.paddock-gp.com\/motogp-sachsenring-qualifications-live\/\" target=\"_blank\" rel=\"noopener nofollow\">Voir ici<\/a><\/strong>)<\/td>\n<td width=\"30%\">1\u201927.811 Marc Marquez (<strong><a href=\"https:\/\/www.paddock-gp.com\/motogp-allemagne-qualifications\/\" target=\"_blank\" rel=\"noopener nofollow\">Voir ici<\/a><\/strong>)<\/td>\n<\/tr>\n<tr valign=\"top\">\n<td width=\"30%\">Sprint<\/td>\n<td width=\"30%\">Martin, Oliveira, Bagnaia (<strong><a href=\"https:\/\/www.paddock-gp.com\/motogp-sachsenring-sprint-live\/\" target=\"_blank\" rel=\"noopener nofollow\">Voir ici<\/a><\/strong>)<\/td>\n<td width=\"30%\">Marc Marquez, Marco Bezzecchi, Fabio Quartararo<br \/>\n(<strong><a href=\"https:\/\/www.paddock-gp.com\/motogp-allemagne-sprint-live-2\/\" target=\"_blank\" rel=\"noopener nofollow\">Voir ici<\/a><\/strong>)<\/td>\n<\/tr>\n<tr valign=\"top\">\n<td width=\"30%\">Warm Up<\/td>\n<td width=\"30%\">1\u201920.638 Francesco Bagnaia (<a href=\"https:\/\/www.paddock-gp.com\/motogp-allemagne-sachsenring-warm-up-live-2\/\" target=\"_blank\" rel=\"noopener nofollow\"><strong>Voir ici<\/strong><\/a>)<\/td>\n<td width=\"30%\">(<a href=\"https:\/\/www.paddock-gp.com\/motogp-allemagne-warm-up-live-3\/\" target=\"_blank\" rel=\"noopener nofollow\"><strong>Voir ici<\/strong><\/a>)<\/td>\n<\/tr>\n<tr valign=\"top\">\n<td width=\"30%\">Course<\/td>\n<td width=\"30%\">Bagnaia, M.Marquez, A.Marquez (<a href=\"https:\/\/www.paddock-gp.com\/motogp-sachsenring-course-live\/\" target=\"_blank\" rel=\"noopener nofollow\"><strong>Voir ici<\/strong><\/a>)<\/td>\n<td width=\"30%\">(<strong>Voir ici<\/strong>)<\/td>\n<\/tr>\n<tr valign=\"top\">\n<td width=\"30%\">Record<\/td>\n<td width=\"30%\">1\u201919.423 Jorge Martin 2024 (<strong><a href=\"https:\/\/www.paddock-gp.com\/motogp-sachsenring-qualifications-live\/\" target=\"_blank\" rel=\"noopener nofollow\">Voir ici<\/a><\/strong>)<\/td>\n<td width=\"30%\">1\u201919.071 Fabio Di Giannantonio (<a href=\"https:\/\/www.paddock-gp.com\/motogp-allemagne-practice-live-2\/\" target=\"_blank\" rel=\"noopener nofollow\"><strong>Voir ici<\/strong><\/a>)<\/td>\n<\/tr>\n<p>A l\u2019extinction des feux rouges\u2026<\/p>\n","protected":false},"excerpt":{"rendered":"Apr\u00e8s un vendredi sur le sec et un samedi sur le mouill\u00e9, le warm up du Grand Prix&hellip;\n","protected":false},"author":2,"featured_media":246704,"comment_status":"","ping_status":"","sticky":false,"template":"","format":"standard","meta":{"footnotes":""},"categories":[1587],"tags":[11,672,1804,1805,1803,1777,674,1801,12,1802],"class_list":{"0":"post-246703","1":"post","2":"type-post","3":"status-publish","4":"format-standard","5":"has-post-thumbnail","7":"category-allemagne","8":"tag-actualites","9":"tag-allemagne","10":"tag-bundesrepublik-deutschland","11":"tag-de","12":"tag-deutschland","13":"tag-eu","14":"tag-europe","15":"tag-germany","16":"tag-news","17":"tag-republique-federale-dallemagne"},"share_on_mastodon":{"url":"https:\/\/pubeurope.com\/@fr\/114844875023852205","error":""},"_links":{"self":[{"href":"https:\/\/www.europesays.com\/fr\/wp-json\/wp\/v2\/posts\/246703","targetHints":{"allow":["GET"]}}],"collection":[{"href":"https:\/\/www.europesays.com\/fr\/wp-json\/wp\/v2\/posts"}],"about":[{"href":"https:\/\/www.europesays.com\/fr\/wp-json\/wp\/v2\/types\/post"}],"author":[{"embeddable":true,"href":"https:\/\/www.europesays.com\/fr\/wp-json\/wp\/v2\/users\/2"}],"replies":[{"embeddable":true,"href":"https:\/\/www.europesays.com\/fr\/wp-json\/wp\/v2\/comments?post=246703"}],"version-history":[{"count":0,"href":"https:\/\/www.europesays.com\/fr\/wp-json\/wp\/v2\/posts\/246703\/revisions"}],"wp:featuredmedia":[{"embeddable":true,"href":"https:\/\/www.europesays.com\/fr\/wp-json\/wp\/v2\/media\/246704"}],"wp:attachment":[{"href":"https:\/\/www.europesays.com\/fr\/wp-json\/wp\/v2\/media?parent=246703"}],"wp:term":[{"taxonomy":"category","embeddable":true,"href":"https:\/\/www.europesays.com\/fr\/wp-json\/wp\/v2\/categories?post=246703"},{"taxonomy":"post_tag","embeddable":true,"href":"https:\/\/www.europesays.com\/fr\/wp-json\/wp\/v2\/tags?post=246703"}],"curies":[{"name":"wp","href":"https:\/\/api.w.org\/{rel}","templated":true}]}}