{"id":24677,"date":"2025-04-14T16:28:15","date_gmt":"2025-04-14T16:28:15","guid":{"rendered":"https:\/\/www.europesays.com\/fr\/24677\/"},"modified":"2025-04-14T16:28:15","modified_gmt":"2025-04-14T16:28:15","slug":"a-lille-ce-nouveau-restaurant-propose-de-succulents-banh-mi-les-celebres-sandwichs-vietnamiens","status":"publish","type":"post","link":"https:\/\/www.europesays.com\/fr\/24677\/","title":{"rendered":"\u00c0 Lille, ce nouveau restaurant propose de succulents banh mi, les c\u00e9l\u00e8bres sandwichs vietnamiens"},"content":{"rendered":"<p>            Par<br \/>\n        <strong><br \/>\n            <a href=\"https:\/\/actu.fr\/auteur\/hervine-mahaud\" title=\"Consulter tous les articles de Hervine Mahaud\" target=\"_blank\" rel=\"noopener\">Hervine Mahaud<\/a><br \/>\n        <\/strong><\/p>\n<p>        Publi\u00e9 le<\/p>\n<p>            13 avr. 2025 \u00e0 17h40        <\/p>\n<p>Ils ont, en partie, fait la renomm\u00e9e de la <b>cuisine vietnamienne<\/b>. Les <b>sandwichs banh mi<\/b>, mets devenus incontournables dans la <b>gastronomie asiatique<\/b>, sont les stars d\u2019un <b>nouveau restaurant<\/b> situ\u00e9 au 77 rue Pierre Mauroy \u00e0 <b>Lille<\/b> (Nord). <b>T&amp;V Banh Mi<\/b>, qui a ouvert ses portes le 1er avril 2025, propose <b>quatre recettes<\/b> du populaire encas. L\u2019une d\u2019elles \u2013 la recette signature \u2013 est l\u2019une des plus appr\u00e9ci\u00e9es au <b>Vietnam<\/b>. Pour compl\u00e9ter l\u2019offre, on retrouve de <b>nombreuses boissons<\/b>, comme les incontournables <b>bubble tea<\/b>. Mais aussi des breuvages plus authentiques comme le <b>jus de canne \u00e0 sucre<\/b> ou encore le <b>caf\u00e9 glac\u00e9 vietnamien<\/b>, appel\u00e9 c\u00e0 ph\u00ea s\u1eefa \u0111\u00e1.<\/p>\n<p>Recettes authentiques et pain fait maison<\/p>\n<p class=\" wall-content\">Aux commandes de T&amp;V Banh Mi, on retrouve Tu, 34 ans, et Viet, 30 ans. Ces deux amis, n\u00e9s au Vietnam, se sont rencontr\u00e9s en France durant leurs ann\u00e9es d\u2019\u00e9tudes \u00e0 Amiens. \u00ab\u00a0Cela fait presque 10 ans que nous sommes amis\u00a0\u00bb, sourit Tu.<\/p>\n<p>      <img   decoding=\"async\" loading=\"lazy\" class=\"size-large\" src=\"https:\/\/www.europesays.com\/fr\/wp-content\/uploads\/2025\/04\/39f2f5b49bf766df2f5b49bf74103fv-960x640.jpg\" alt=\"Tu et Viet ont ouvert leur restaurant pour faire d\u00e9couvrir la recette authentique du banh mi aux Lillois.\" width=\"960\" height=\"640\"\/><br \/>\n    Tu et Viet ont ouvert leur restaurant pour faire d\u00e9couvrir la recette authentique du banh mi aux Lillois. \u00a9Hervine Mahaud<\/p>\n<p class=\" wall-content\">D\u00e9sormais install\u00e9 \u00e0 Lille, le duo a eu l\u2019id\u00e9e d\u2019offrir aux Lillois les <a href=\"https:\/\/actu.fr\/hauts-de-france\/lille_59350\/nems-by-eli-le-savoir-faire-du-vietnam-sinstalle-a-lille_60003305.html\" target=\"_blank\" rel=\"noopener\">saveurs authentiques du Vietnam<\/a>. Et quoi de mieux pour cela que de proposer l<b>e plus c\u00e9l\u00e8bre des sandwichs asiatiques : le banh mi<\/b>. D\u00e9j\u00e0 bien connu des gourmets, le banh mi est ici d\u00e9clin\u00e9 en <b>quatre recettes : boeuf au poivre, poulet citronnelle, v\u00e9g\u00e9tarien et la recette signature<\/b>.<\/p>\n<p>      <img   decoding=\"async\" loading=\"lazy\" class=\"size-large\" src=\"https:\/\/www.europesays.com\/fr\/wp-content\/uploads\/2025\/04\/a3c006b49bf76b7c006b49bf78bc00v-960x640.jpg\" alt=\"T&amp;V Banh Mi propose une recette signature.\" width=\"960\" height=\"640\"\/><br \/>\n    T&amp;V Banh Mi propose une recette signature. \u00a9Hervine Mahaud<\/p>\n<p class=\" wall-content\">\u00ab\u00a0C\u2019est une <b>recette traditionnelle<\/b> que l\u2019on retrouve l\u00e0-bas\u00a0\u00bb, souligne Tu. Elle est pr\u00e9par\u00e9e avec du porc char siu (m\u00e9thode de cuisson qui consiste \u00e0 parfumer de la viande de porc), du jambon vietnamien et du p\u00e2t\u00e9 fait maison.<\/p>\n<p class=\" wall-content\">Accommod\u00e9e de carotte, concombre, chou-rave et coriandre, la pr\u00e9paration est ensuite ins\u00e9r\u00e9e dans un pain baguette. \u00ab\u00a0On le fait nous-m\u00eame, sur place, car nous n\u2019avons pas trouv\u00e9 du pain comme on le voulait chez les boulangers.\u00a0\u00bb<\/p>\n<p class=\" wall-content\">Les sandwichs, pr\u00e9par\u00e9s devant les clients, sont vendus entre 9 et 9\u20ac50. \u00ab\u00a0Avec, on offre un th\u00e9 et un cookie !\u00a0\u00bb<\/p>\n<p>Boissons traditionnelles, pr\u00e9par\u00e9es comme au Vietnam<\/p>\n<p class=\" wall-content\">En plus des sandwichs, le restaurant propose d\u2019autres sp\u00e9cialit\u00e9s, sous forme de <b>boissons<\/b> cette fois. Les d\u00e9sormais incontournables <b>bubble tea<\/b> sont bien s\u00fbr de la partie. Mais, pour d\u00e9couvrir d\u2019autres saveurs, nous vous conseillons d\u2019opter pour des<b> breuvages typiquement vietnamiens<\/b>.\u00a0<\/p>\n<p class=\" wall-content\">Le <b>jus de canne \u00e0 sucre<\/b>, press\u00e9 sur place \u00e0 la demande, devrait vous surprendre. \u00ab\u00a0Cela s\u2019appelle n\u01b0\u1edbc m\u00eda. Au Vietnam, c\u2019est une boisson tr\u00e8s populaire et rafra\u00eechissante que l\u2019on boit surtout en \u00e9t\u00e9. J\u2019ajoute du kalamansi (agrume originaire d\u2019Asie, ndlr) sinon le go\u00fbt est trop sucr\u00e9.\u00a0\u00bb<\/p>\n<p class=\" wall-content\">Pour les amateurs de caf\u00e9, qui savent probablement que le Vietnam est le deuxi\u00e8me producteur de caf\u00e9 au monde, le <b>c\u00e0 ph\u00ea s\u1eefa \u0111\u00e1<\/b> est aussi \u00e0 d\u00e9couvrir. \u00ab\u00a0On le pr\u00e9pare avec une cafeti\u00e8re traditionnelle qui met plus de temps pour filtrer le caf\u00e9.\u00a0\u00bb Pour adoucir le caf\u00e9, du lait v\u00e9g\u00e9tal et du lait concentr\u00e9 sont incorpor\u00e9s, ainsi que des gla\u00e7ons. R\u00e9sultat : ce<b> caf\u00e9 glac\u00e9 vietnamien<\/b> est tr\u00e8s doux.<\/p>\n<p class=\" wall-content\">Pour un repas tel qu\u2019on pourrait le d\u00e9guster \u00e0 Hanoi, vous savez d\u00e9sormais o\u00f9 aller !<\/p>\n<p>T&amp;V Banh Mi, 77 rue Pierre Mauroy \u00e0 Lille. Ouvert 7j\/7 de 9h \u00e0 20h, le dimanche \u00e0 partir de 11h. Plus d\u2019infos sur <a href=\"https:\/\/www.instagram.com\/tvbanhmi_lille\/?hl=fr\" target=\"_blank\" rel=\"noopener\">Instagram<\/a> et <a href=\"https:\/\/www.facebook.com\/profile.php?id=61570585666056\" target=\"_blank\" rel=\"noopener\">Facebook<\/a>.<\/p>\n<p class=\" wall-content\">Suivez toute l\u2019actualit\u00e9 de vos villes et m\u00e9dias favoris en vous inscrivant \u00e0 <a href=\"https:\/\/moncompte.actu.fr\" title=\"D\u00e9couvez Mon Actu\" rel=\"nofollow noopener\" data-trk=\"{&quot;cta&quot;:{&quot;action&quot;:&quot;https:\\\/\\\/moncompte.actu.fr&quot;,&quot;category&quot;:&quot;mon compte&quot;,&quot;from&quot;:&quot;article footer&quot;,&quot;name&quot;:&quot;Mon actu&quot;,&quot;type&quot;:&quot;cta&quot;}}\" target=\"_blank\">Mon Actu<\/a>.<\/p>\n<p>                    <script async src=\"\/\/www.instagram.com\/embed.js\"><\/script><\/p>\n","protected":false},"excerpt":{"rendered":"Par Hervine Mahaud Publi\u00e9 le 13 avr. 2025 \u00e0 17h40 Ils ont, en partie, fait la renomm\u00e9e de&hellip;\n","protected":false},"author":2,"featured_media":24678,"comment_status":"","ping_status":"","sticky":false,"template":"","format":"standard","meta":{"footnotes":""},"categories":[2815],"tags":[1111,11,215,33,1777,674,1011,27,811,1307,12,3147,25,1340],"class_list":{"0":"post-24677","1":"post","2":"type-post","3":"status-publish","4":"format-standard","5":"has-post-thumbnail","7":"category-lille","8":"tag-actu","9":"tag-actualites","10":"tag-commerce","11":"tag-economie","12":"tag-eu","13":"tag-europe","14":"tag-fr","15":"tag-france","16":"tag-hauts-de-france","17":"tag-lille","18":"tag-news","19":"tag-nouveaux-commerces","20":"tag-republique-francaise","21":"tag-restaurant"},"share_on_mastodon":{"url":"https:\/\/pubeurope.com\/@fr\/114337264730774227","error":""},"_links":{"self":[{"href":"https:\/\/www.europesays.com\/fr\/wp-json\/wp\/v2\/posts\/24677","targetHints":{"allow":["GET"]}}],"collection":[{"href":"https:\/\/www.europesays.com\/fr\/wp-json\/wp\/v2\/posts"}],"about":[{"href":"https:\/\/www.europesays.com\/fr\/wp-json\/wp\/v2\/types\/post"}],"author":[{"embeddable":true,"href":"https:\/\/www.europesays.com\/fr\/wp-json\/wp\/v2\/users\/2"}],"replies":[{"embeddable":true,"href":"https:\/\/www.europesays.com\/fr\/wp-json\/wp\/v2\/comments?post=24677"}],"version-history":[{"count":0,"href":"https:\/\/www.europesays.com\/fr\/wp-json\/wp\/v2\/posts\/24677\/revisions"}],"wp:featuredmedia":[{"embeddable":true,"href":"https:\/\/www.europesays.com\/fr\/wp-json\/wp\/v2\/media\/24678"}],"wp:attachment":[{"href":"https:\/\/www.europesays.com\/fr\/wp-json\/wp\/v2\/media?parent=24677"}],"wp:term":[{"taxonomy":"category","embeddable":true,"href":"https:\/\/www.europesays.com\/fr\/wp-json\/wp\/v2\/categories?post=24677"},{"taxonomy":"post_tag","embeddable":true,"href":"https:\/\/www.europesays.com\/fr\/wp-json\/wp\/v2\/tags?post=24677"}],"curies":[{"name":"wp","href":"https:\/\/api.w.org\/{rel}","templated":true}]}}