{"id":246801,"date":"2025-07-13T09:00:13","date_gmt":"2025-07-13T09:00:13","guid":{"rendered":"https:\/\/www.europesays.com\/fr\/246801\/"},"modified":"2025-07-13T09:00:13","modified_gmt":"2025-07-13T09:00:13","slug":"il-sevade-sous-le-nez-des-surveillants-grace-a-ce-stratageme-a-peine-croyable","status":"publish","type":"post","link":"https:\/\/www.europesays.com\/fr\/246801\/","title":{"rendered":"il s&rsquo;\u00e9vade sous le nez des surveillants gr\u00e2ce \u00e0 ce stratag\u00e8me \u00e0 peine croyable"},"content":{"rendered":"<p>            Par<br \/>\n        <strong><br \/>\n            <a href=\"https:\/\/actu.fr\/auteur\/pierrechemel\" title=\"Consulter tous les articles de Pierre Chemel\" target=\"_blank\" rel=\"noopener\">Pierre Chemel<\/a><br \/>\n        <\/strong><\/p>\n<p>        Publi\u00e9 le<\/p>\n<p>            13 juil. 2025 \u00e0 10h34        <\/p>\n<p>L\u2019histoire pourrait pr\u00eater \u00e0 sourire si elle ne r\u00e9v\u00e9lait pas de <strong>s\u00e9rieuses failles<\/strong> dans la s\u00e9curit\u00e9. Vendredi, \u00e0 la maison d\u2019arr\u00eat de Corbas, au sud de <a href=\"https:\/\/actu.fr\/auvergne-rhone-alpes\/lyon_69123\" target=\"_blank\" rel=\"noopener\">Lyon<\/a>, un jeune d\u00e9tenu de 20 ans a r\u00e9ussi \u00e0 s\u2019\u00e9vader en se dissimulant <strong>dans le sac de son cod\u00e9tenu<\/strong>, sur le point d\u2019\u00eatre lib\u00e9r\u00e9.<\/p>\n<p class=\" wall-content\">C\u2019est l\u2019administration p\u00e9nitentiaire elle-m\u00eame qui a confirm\u00e9 l\u2019information, r\u00e9v\u00e9l\u00e9e par BFMTV, ce samedi. Le fugitif purgeait \u00ab plusieurs peines \u00bb de prison et faisait l\u2019objet d\u2019un mandat de d\u00e9p\u00f4t dans le cadre d\u2019une information judiciaire pour <strong>criminalit\u00e9 organis\u00e9e<\/strong>.<\/p>\n<p class=\" wall-content\">Profitant du d\u00e9part de son compagnon de cellule, en fin de peine, le jeune homme se serait gliss\u00e9 dans le <strong>paquetage<\/strong> de ce dernier pour franchir les portes sans \u00eatre d\u00e9tect\u00e9. Une <strong>man\u0153uvre risqu\u00e9e<\/strong> mais r\u00e9ussie, qui a mis en \u00e9moi les surveillants.<\/p>\n<p>Stratag\u00e8me embarrassant pour l\u2019administration<\/p>\n<p class=\" wall-content\">Une enqu\u00eate a \u00e9t\u00e9 ouverte par le parquet de Lyon pour \u00ab \u00e9vasion en bande organis\u00e9e \u00bb et \u00ab association de malfaiteurs \u00bb. En parall\u00e8le, l\u2019administration p\u00e9nitentiaire a diligent\u00e9 une enqu\u00eate interne pour \u00ab faire toute la lumi\u00e8re \u00bb sur les circonstances de cette fuite rocambolesque et promet des <strong>sanctions disciplinaires<\/strong>.<\/p>\n<p class=\" wall-content\">Selon ses services, le parquet et les forces de l\u2019ordre ont \u00e9t\u00e9 \u00ab imm\u00e9diatement \u00bb avertis. Ce samedi, le fugitif restait activement recherch\u00e9.<\/p>\n<p>Vid\u00e9os : en ce moment sur Actu<\/p>\n<p class=\" wall-content\">(Avec AFP)<\/p>\n<p class=\" wall-content\">Suivez toute l\u2019actualit\u00e9 de vos villes et m\u00e9dias favoris en vous inscrivant \u00e0 <a href=\"https:\/\/moncompte.actu.fr\" title=\"D\u00e9couvez Mon Actu\" rel=\"nofollow noopener\" data-trk=\"{&quot;cta&quot;:{&quot;action&quot;:&quot;https:\\\/\\\/moncompte.actu.fr&quot;,&quot;category&quot;:&quot;mon compte&quot;,&quot;from&quot;:&quot;article footer&quot;,&quot;name&quot;:&quot;Mon actu&quot;,&quot;type&quot;:&quot;cta&quot;}}\" target=\"_blank\">Mon Actu<\/a>.<\/p>\n","protected":false},"excerpt":{"rendered":"Par Pierre Chemel Publi\u00e9 le 13 juil. 2025 \u00e0 10h34 L\u2019histoire pourrait pr\u00eater \u00e0 sourire si elle ne&hellip;\n","protected":false},"author":2,"featured_media":246802,"comment_status":"","ping_status":"","sticky":false,"template":"","format":"standard","meta":{"footnotes":""},"categories":[1889],"tags":[1111,11,2430,1777,674,118,1011,27,2428,12,899,25],"class_list":{"0":"post-246801","1":"post","2":"type-post","3":"status-publish","4":"format-standard","5":"has-post-thumbnail","7":"category-lyon","8":"tag-actu","9":"tag-actualites","10":"tag-auvergne-rhone-alpes","11":"tag-eu","12":"tag-europe","13":"tag-faits-divers","14":"tag-fr","15":"tag-france","16":"tag-lyon","17":"tag-news","18":"tag-prisons","19":"tag-republique-francaise"},"share_on_mastodon":{"url":"https:\/\/pubeurope.com\/@fr\/114845111027534180","error":""},"_links":{"self":[{"href":"https:\/\/www.europesays.com\/fr\/wp-json\/wp\/v2\/posts\/246801","targetHints":{"allow":["GET"]}}],"collection":[{"href":"https:\/\/www.europesays.com\/fr\/wp-json\/wp\/v2\/posts"}],"about":[{"href":"https:\/\/www.europesays.com\/fr\/wp-json\/wp\/v2\/types\/post"}],"author":[{"embeddable":true,"href":"https:\/\/www.europesays.com\/fr\/wp-json\/wp\/v2\/users\/2"}],"replies":[{"embeddable":true,"href":"https:\/\/www.europesays.com\/fr\/wp-json\/wp\/v2\/comments?post=246801"}],"version-history":[{"count":0,"href":"https:\/\/www.europesays.com\/fr\/wp-json\/wp\/v2\/posts\/246801\/revisions"}],"wp:featuredmedia":[{"embeddable":true,"href":"https:\/\/www.europesays.com\/fr\/wp-json\/wp\/v2\/media\/246802"}],"wp:attachment":[{"href":"https:\/\/www.europesays.com\/fr\/wp-json\/wp\/v2\/media?parent=246801"}],"wp:term":[{"taxonomy":"category","embeddable":true,"href":"https:\/\/www.europesays.com\/fr\/wp-json\/wp\/v2\/categories?post=246801"},{"taxonomy":"post_tag","embeddable":true,"href":"https:\/\/www.europesays.com\/fr\/wp-json\/wp\/v2\/tags?post=246801"}],"curies":[{"name":"wp","href":"https:\/\/api.w.org\/{rel}","templated":true}]}}