{"id":246805,"date":"2025-07-13T09:03:09","date_gmt":"2025-07-13T09:03:09","guid":{"rendered":"https:\/\/www.europesays.com\/fr\/246805\/"},"modified":"2025-07-13T09:03:09","modified_gmt":"2025-07-13T09:03:09","slug":"un-septuagenaire-retrouve-mort-pres-de-la-seine-une-enquete-en-cours","status":"publish","type":"post","link":"https:\/\/www.europesays.com\/fr\/246805\/","title":{"rendered":"un septuag\u00e9naire retrouv\u00e9 mort pr\u00e8s de la Seine, une enqu\u00eate en cours"},"content":{"rendered":"<p>            Par<br \/>\n        <strong><br \/>\n            <a href=\"https:\/\/actu.fr\/auteur\/antoine-grotteria02\" title=\"Consulter tous les articles de Antoine Grotteria\" target=\"_blank\" rel=\"noopener\">Antoine Grotteria<\/a><br \/>\n        <\/strong><\/p>\n<p>        Publi\u00e9 le<\/p>\n<p>            13 juil. 2025 \u00e0 10h08        <\/p>\n<p>Acte criminel, suicide\u2026\u2009? Deux jours apr\u00e8s les faits, plusieurs hypoth\u00e8ses sont encore \u00e9mises. Ce vendredi 11\u00a0juillet 2025, un homme de 72\u00a0ans a \u00e9t\u00e9 retrouv\u00e9 <strong>mort<\/strong> sur les<strong> quais de l\u2019Arsenal<\/strong>, au bord de la Seine, dans le 4e arrondissement de <a href=\"https:\/\/actu.fr\/paris\/\" target=\"_blank\" rel=\"noopener\">Paris<\/a>, a appris actu Paris du parquet, confirmant une information du <a href=\"https:\/\/www.leparisien.fr\/faits-divers\/paris-un-homme-de-72-ans-decouvert-mort-sur-les-quais-du-port-de-larsenal-12-07-2025-43PZWYXCMRCLNA6R44KAT3XZ5M.php\" target=\"_blank\" rel=\"noopener\">Parisien<\/a>.<\/p>\n<p>Une chute en cause\u2009?<\/p>\n<p class=\" wall-content\">Le minist\u00e8re public indique qu\u2019une \u00ab<strong>\u2009enqu\u00eate en recherche des causes de la mort<\/strong>\u2009\u00bb a \u00e9t\u00e9 ouverte. Elle est confi\u00e9e au commissariat centre. D\u2019apr\u00e8s le quotidien, l\u2019homme aurait \u00e9t\u00e9 d\u00e9couvert vers 6\u00a0heures avec <strong>plusieurs entailles<\/strong> \u00e0 la t\u00eate et de <strong>multiples fractures<\/strong>. L\u2019intervention des secours s\u2019est av\u00e9r\u00e9e vaine. Selon Le Parisien, la victime aurait pu avoir effectu\u00e9 une chute de plusieurs m\u00e8tres du haut du boulevard Bourdon, qui surplombe les quais.<\/p>\n<p class=\" wall-content\">Les quais de l\u2019Arsenal accueillent <strong>plusieurs p\u00e9niches<\/strong> amarr\u00e9es \u00e0 l\u2019ann\u00e9e. En janvier\u00a02024, deux d\u2019entre elles avaient \u00e9t\u00e9 incendi\u00e9es sur le bassin, traditionnel p<a href=\"https:\/\/actu.fr\/societe\/reportage-ils-vivent-sur-des-peniches-en-plein-coeur-de-paris-nous-sommes-des-nomades-de-l-eau_59068844.html\" target=\"_blank\" rel=\"noopener\">ort de plaisance<\/a>, et le long du quai de la R\u00e2p\u00e9e. Une enqu\u00eate avait \u00e9t\u00e9 ouverte pour d\u00e9terminer l\u2019origine de ce feu, potentiellement volontaire.<\/p>\n<p class=\" wall-content\">Suivez toute l\u2019actualit\u00e9 de vos villes et m\u00e9dias favoris en vous inscrivant \u00e0 <a href=\"https:\/\/moncompte.actu.fr\" title=\"D\u00e9couvez Mon Actu\" rel=\"nofollow noopener\" data-trk=\"{&quot;cta&quot;:{&quot;action&quot;:&quot;https:\\\/\\\/moncompte.actu.fr&quot;,&quot;category&quot;:&quot;mon compte&quot;,&quot;from&quot;:&quot;article footer&quot;,&quot;name&quot;:&quot;Mon actu&quot;,&quot;type&quot;:&quot;cta&quot;}}\" target=\"_blank\">Mon Actu<\/a>.<\/p>\n<ul class=\"ac-article-tag wall-content\">\n<li><a href=\"https:\/\/actu.fr\/tag\/justice\" data-trk=\"{&quot;cta&quot;:{&quot;action&quot;:&quot;Justice&quot;,&quot;category&quot;:&quot;tag&quot;,&quot;from&quot;:&quot;article footer&quot;,&quot;name&quot;:&quot;Justice&quot;,&quot;type&quot;:&quot;cta&quot;}}\" target=\"_blank\" rel=\"noopener\">#Justice<\/a><\/li>\n<li><a href=\"https:\/\/actu.fr\/tag\/tribunal-de-paris\" data-trk=\"{&quot;cta&quot;:{&quot;action&quot;:&quot;tribunal de Paris&quot;,&quot;category&quot;:&quot;tag&quot;,&quot;from&quot;:&quot;article footer&quot;,&quot;name&quot;:&quot;tribunal de Paris&quot;,&quot;type&quot;:&quot;cta&quot;}}\" target=\"_blank\" rel=\"noopener\">#tribunal de Paris<\/a><\/li>\n<\/ul>\n","protected":false},"excerpt":{"rendered":"Par Antoine Grotteria Publi\u00e9 le 13 juil. 2025 \u00e0 10h08 Acte criminel, suicide\u2026\u2009? Deux jours apr\u00e8s les faits,&hellip;\n","protected":false},"author":2,"featured_media":246806,"comment_status":"","ping_status":"","sticky":false,"template":"","format":"standard","meta":{"footnotes":""},"categories":[1888],"tags":[1111,1928,11,1927,1777,674,118,1011,27,303,12,1926,626,1925,25,4595],"class_list":{"0":"post-246805","1":"post","2":"type-post","3":"status-publish","4":"format-standard","5":"has-post-thumbnail","7":"category-paris","8":"tag-actu","9":"tag-actu-paris","10":"tag-actualites","11":"tag-actualites-paris","12":"tag-eu","13":"tag-europe","14":"tag-faits-divers","15":"tag-fr","16":"tag-france","17":"tag-justice","18":"tag-news","19":"tag-news-paris","20":"tag-paris","21":"tag-paris-news","22":"tag-republique-francaise","23":"tag-tribunal-de-paris"},"share_on_mastodon":{"url":"https:\/\/pubeurope.com\/@fr\/114845122790279214","error":""},"_links":{"self":[{"href":"https:\/\/www.europesays.com\/fr\/wp-json\/wp\/v2\/posts\/246805","targetHints":{"allow":["GET"]}}],"collection":[{"href":"https:\/\/www.europesays.com\/fr\/wp-json\/wp\/v2\/posts"}],"about":[{"href":"https:\/\/www.europesays.com\/fr\/wp-json\/wp\/v2\/types\/post"}],"author":[{"embeddable":true,"href":"https:\/\/www.europesays.com\/fr\/wp-json\/wp\/v2\/users\/2"}],"replies":[{"embeddable":true,"href":"https:\/\/www.europesays.com\/fr\/wp-json\/wp\/v2\/comments?post=246805"}],"version-history":[{"count":0,"href":"https:\/\/www.europesays.com\/fr\/wp-json\/wp\/v2\/posts\/246805\/revisions"}],"wp:featuredmedia":[{"embeddable":true,"href":"https:\/\/www.europesays.com\/fr\/wp-json\/wp\/v2\/media\/246806"}],"wp:attachment":[{"href":"https:\/\/www.europesays.com\/fr\/wp-json\/wp\/v2\/media?parent=246805"}],"wp:term":[{"taxonomy":"category","embeddable":true,"href":"https:\/\/www.europesays.com\/fr\/wp-json\/wp\/v2\/categories?post=246805"},{"taxonomy":"post_tag","embeddable":true,"href":"https:\/\/www.europesays.com\/fr\/wp-json\/wp\/v2\/tags?post=246805"}],"curies":[{"name":"wp","href":"https:\/\/api.w.org\/{rel}","templated":true}]}}