{"id":246810,"date":"2025-07-13T09:06:12","date_gmt":"2025-07-13T09:06:12","guid":{"rendered":"https:\/\/www.europesays.com\/fr\/246810\/"},"modified":"2025-07-13T09:06:12","modified_gmt":"2025-07-13T09:06:12","slug":"14-juillet-psg-chelsea-le-point-sur-le-dispositif-de-securite-extremement-massif-deploye-a-paris","status":"publish","type":"post","link":"https:\/\/www.europesays.com\/fr\/246810\/","title":{"rendered":"14 juillet, PSG-Chelsea\u2026 Le point sur le dispositif de s\u00e9curit\u00e9 \u00ab\u00a0extr\u00eamement massif\u00a0\u00bb d\u00e9ploy\u00e9 \u00e0 Paris"},"content":{"rendered":"<p class=\"article-p mdl\">Un dispositif de s\u00e9curit\u00e9 colossal et tr\u00e8s strict. Ce dimanche 13 et lundi 14 juillet, 65.000 policiers et gendarmes sont mobilis\u00e9s sur tout le territoire, <strong>dont pr\u00e8s de 11.500 \u00e0 Paris et en petite couronne<\/strong> pour les festivit\u00e9s du 14 juillet et la finale de la Coupe du monde des clubs PSG-Chelsea.<\/p>\n<p class=\"article-p mdl\">Pour\u00a0<a class=\"link\" href=\"https:\/\/www.rtl.fr\/sport\/football\/chelsea-psg-a-quelle-heure-et-sur-quelle-chaine-tv-voir-la-finale-de-la-coupe-du-monde-des-clubs-7900522814\" title=\"Chelsea-PSG : \u00e0 quelle heure et sur quelle cha\u00eene TV voir la finale de la Coupe du monde des clubs ?\" rel=\"nofollow noopener\" target=\"_blank\">suivre la rencontre<\/a>, les supporters devront rester chez eux. En effet, un arr\u00eat\u00e9 a \u00e9t\u00e9 pris pour interdire, de dimanche \u00e0 20 h jusqu&rsquo;\u00e0 lundi \u00e0 3 h, \u00ab\u00a0les grands rassemblements de personnes <strong>ayant pour objet d&rsquo;assister \u00e0 la retransmission<\/strong>\u00ab\u00a0, quel que soit le r\u00e9sultat. Aucune fanzone n&rsquo;est donc autoris\u00e9e \u00e0 Paris pour regarder jouer les hommes de Luis Enrique.\u00a0<\/p>\n<p class=\"article-p mdl\">Les autorit\u00e9s ont en t\u00eate\u00a0<a class=\"link\" href=\"https:\/\/www.rtl.fr\/actu\/politique\/violences-apres-la-victoire-du-psg-francois-bayrou-favorable-a-l-arrivee-de-peines-minimales-dans-la-loi-7900511847\" title=\"Violences apr\u00e8s la victoire du PSG : Fran\u00e7ois Bayrou favorable \u00e0 l&#039;arriv\u00e9e de &quot;peines minimales&quot; dans la loi\" rel=\"nofollow noopener\" target=\"_blank\">les d\u00e9bordements en marge des derni\u00e8res victoires du club parisien<\/a>. Mais cette fois, une autre donn\u00e9e entre en compte. Les installations pour le traditionnel d\u00e9fil\u00e9 du 14 juillet sont d\u00e9j\u00e0 en place le long des Champs-\u00c9lys\u00e9es\u00a0<strong>et toute la zone sera sanctuaris\u00e9e \u00e0 partir de 19 h<\/strong> afin de les prot\u00e9ger. Les m\u00e9tros de l&rsquo;avenue seront \u00e9galement ferm\u00e9s.\u00a0<\/p>\n<p>            Les contr\u00f4les renforc\u00e9s<\/p>\n<p class=\"article-p mdl\">Les 11.500 policiers, gendarmes et pompiers mobilis\u00e9s ce week-end sont aussi d\u00e9ploy\u00e9s dans les points sensibles de l&rsquo;agglom\u00e9ration,\u00a0<a class=\"link\" href=\"https:\/\/www.rtl.fr\/actu\/justice-faits-divers\/info-rtl-festivites-du-14-juillet-le-renseignement-territorial-craint-des-incidents-dans-certains-quartiers-sensibles-7900523243\" title=\"INFO RTL - Festivit\u00e9s du 14 juillet : le renseignement territorial craint des incidents dans certains quartiers sensibles\" rel=\"nofollow noopener\" target=\"_blank\">susceptibles d&rsquo;\u00eatre le th\u00e9\u00e2tre d&rsquo;incidents<\/a>. Pour tenter de les pr\u00e9venir, le pr\u00e9fet de police de Paris appelle \u00e0 renforcer les contr\u00f4les <strong>dans les gares ou sur les routes<\/strong> d\u00e8s ce dimanche apr\u00e8s-midi.<\/p>\n<p class=\"article-p mdl\">\u00ab\u00a0Les policiers et les gendarmes ont une consigne : <strong>ne rien tol\u00e9rer<\/strong>. Ils feront en sorte que ceux qui viennent pour d\u00e9ployer leurs violences, les barbares, en soient emp\u00each\u00e9s. On aura un niveau de force tr\u00e8s cons\u00e9quent. Dans la France enti\u00e8re, il va falloir s\u00e9curiser \u00e9norm\u00e9ment d&rsquo;\u00e9v\u00e9nements, il y a des f\u00eates et des feux d&rsquo;artifices, <strong>c&rsquo;est un dispositif extr\u00eamement massif<\/strong>\u00ab\u00a0, a d\u00e9clar\u00e9\u00a0<a class=\"link\" href=\"https:\/\/www.rtl.fr\/actu\/justice-faits-divers\/les-infos-de-18h-a69-ce-ne-sont-pas-des-militants-ecologistes-mais-des-barbares-qui-manifestent-aujourd-hui-7900521662\" title=\"Les infos de 18h - A69 : &quot;Ce ne sont pas des militants \u00e9cologistes&quot; mais des &quot;barbares&quot;, estime Bruno Retailleau\" rel=\"nofollow noopener\" target=\"_blank\">Bruno Retailleau<\/a>, le ministre de l&rsquo;Int\u00e9rieur.\u00a0<\/p>\n<p class=\"article-p mdl\">D\u00e8s lundi matin, l&rsquo;avenue des Champs-\u00c9lys\u00e9es sera le th\u00e9\u00e2tre\u00a0<a class=\"link\" href=\"https:\/\/www.rtl.fr\/actu\/debats-societe\/c-est-incroyable-de-defiler-pour-le-14-juillet-les-jeunes-du-service-militaire-volontaire-vont-defiler-pour-la-premiere-fois-7900523299\" title=\"&quot;C&#039;est incroyable de d\u00e9filer pour le 14 juillet&quot; : les jeunes du service militaire volontaire vont d\u00e9filer pour la premi\u00e8re fois\" rel=\"nofollow noopener\" target=\"_blank\">du traditionnel d\u00e9fil\u00e9 militaire<\/a>, o\u00f9 des points de filtrage du public seront positionn\u00e9s <strong>avec des palpations et des fouilles de sacs<\/strong>. Plus tard dans la soir\u00e9e, un concert de musique classique se tiendra au Champ-de-Mars d\u00e8s 21 h, suivi \u00e0 23 h d&rsquo;un feu d&rsquo;artifice de vingt minutes.<\/p>\n<p>    La r\u00e9daction vous recommande<\/p>\n<p class=\"s-newsletter__title\">\n                L\u2019actualit\u00e9 par la r\u00e9daction de RTL dans votre bo\u00eete mail.\n            <\/p>\n<p class=\"s-newsletter__subtitle\">\n                Gr\u00e2ce \u00e0 votre compte RTL abonnez-vous \u00e0 la newsletter RTL info pour suivre toute l&rsquo;actualit\u00e9 au quotidien\n            <\/p>\n<p>\n                                    Lire la suite\n                                <\/p>\n","protected":false},"excerpt":{"rendered":"Un dispositif de s\u00e9curit\u00e9 colossal et tr\u00e8s strict. Ce dimanche 13 et lundi 14 juillet, 65.000 policiers et&hellip;\n","protected":false},"author":2,"featured_media":246811,"comment_status":"","ping_status":"","sticky":false,"template":"","format":"standard","meta":{"footnotes":""},"categories":[1888],"tags":[11,1777,674,1011,27,12,626,91,1072,25,656,809],"class_list":{"0":"post-246810","1":"post","2":"type-post","3":"status-publish","4":"format-standard","5":"has-post-thumbnail","7":"category-paris","8":"tag-actualites","9":"tag-eu","10":"tag-europe","11":"tag-fr","12":"tag-france","13":"tag-news","14":"tag-paris","15":"tag-paris-saint-germain","16":"tag-police","17":"tag-republique-francaise","18":"tag-securite","19":"tag-violence"},"share_on_mastodon":{"url":"https:\/\/pubeurope.com\/@fr\/114845134536313817","error":""},"_links":{"self":[{"href":"https:\/\/www.europesays.com\/fr\/wp-json\/wp\/v2\/posts\/246810","targetHints":{"allow":["GET"]}}],"collection":[{"href":"https:\/\/www.europesays.com\/fr\/wp-json\/wp\/v2\/posts"}],"about":[{"href":"https:\/\/www.europesays.com\/fr\/wp-json\/wp\/v2\/types\/post"}],"author":[{"embeddable":true,"href":"https:\/\/www.europesays.com\/fr\/wp-json\/wp\/v2\/users\/2"}],"replies":[{"embeddable":true,"href":"https:\/\/www.europesays.com\/fr\/wp-json\/wp\/v2\/comments?post=246810"}],"version-history":[{"count":0,"href":"https:\/\/www.europesays.com\/fr\/wp-json\/wp\/v2\/posts\/246810\/revisions"}],"wp:featuredmedia":[{"embeddable":true,"href":"https:\/\/www.europesays.com\/fr\/wp-json\/wp\/v2\/media\/246811"}],"wp:attachment":[{"href":"https:\/\/www.europesays.com\/fr\/wp-json\/wp\/v2\/media?parent=246810"}],"wp:term":[{"taxonomy":"category","embeddable":true,"href":"https:\/\/www.europesays.com\/fr\/wp-json\/wp\/v2\/categories?post=246810"},{"taxonomy":"post_tag","embeddable":true,"href":"https:\/\/www.europesays.com\/fr\/wp-json\/wp\/v2\/tags?post=246810"}],"curies":[{"name":"wp","href":"https:\/\/api.w.org\/{rel}","templated":true}]}}