{"id":246812,"date":"2025-07-13T09:07:10","date_gmt":"2025-07-13T09:07:10","guid":{"rendered":"https:\/\/www.europesays.com\/fr\/246812\/"},"modified":"2025-07-13T09:07:10","modified_gmt":"2025-07-13T09:07:10","slug":"la-russie-a-ete-exclue-de-dizaines-dorganisations-depuis-linvasion-de-lukraine-avec-un-bilan-mitige","status":"publish","type":"post","link":"https:\/\/www.europesays.com\/fr\/246812\/","title":{"rendered":"La Russie a \u00e9t\u00e9 exclue de dizaines d\u2019organisations depuis l\u2019invasion de l\u2019Ukraine avec un bilan\u2026 mitig\u00e9"},"content":{"rendered":"<p>Exclusion<\/p>\n<p>Au XX\u1d49 et XXI\u1d49 si\u00e8cles, la communaut\u00e9 internationale a us\u00e9 de l\u2019exclusion d\u2019\u00c9tats (URSS, Irak, Yougoslavie, Libye, Syrie\u2026) pour sanctionner agressions et violations graves du droit international. Depuis l\u2019invasion de l\u2019Ukraine en 2022, la Russie a perdu sa participation \u00e0 pr\u00e8s de cinquante organisations (politiques, \u00e9conomiques, sportives, culturelles, scientifiques), attestant d\u2019une mise \u00e0 l\u2019\u00e9cart sans pr\u00e9c\u00e9dent depuis la Guerre froide. Pourtant, l\u2019exp\u00e9rience historique d\u00e9montre que ces mesures p\u00e8sent davantage sur la r\u00e9putation que sur l\u2019orientation r\u00e9elle de la politique \u00e9trang\u00e8re des pays vis\u00e9s, posant la question de leur efficacit\u00e9 comme outil de pr\u00e9vention des conflits et de maintien de la s\u00e9curit\u00e9 collective.<\/p>\n","protected":false},"excerpt":{"rendered":"Exclusion Au XX\u1d49 et XXI\u1d49 si\u00e8cles, la communaut\u00e9 internationale a us\u00e9 de l\u2019exclusion d\u2019\u00c9tats (URSS, Irak, Yougoslavie, Libye,&hellip;\n","protected":false},"author":2,"featured_media":246813,"comment_status":"","ping_status":"","sticky":false,"template":"","format":"standard","meta":{"footnotes":""},"categories":[1591],"tags":[11,1887,3535,38633,12,14051,1885,1886,132],"class_list":{"0":"post-246812","1":"post","2":"type-post","3":"status-publish","4":"format-standard","5":"has-post-thumbnail","7":"category-russie","8":"tag-actualites","9":"tag-federation-de-russie","10":"tag-geopolitique","11":"tag-isolation","12":"tag-news","13":"tag-politique-internationale","14":"tag-russia","15":"tag-russian-federation","16":"tag-russie"},"share_on_mastodon":{"url":"https:\/\/pubeurope.com\/@fr\/114845138488209880","error":""},"_links":{"self":[{"href":"https:\/\/www.europesays.com\/fr\/wp-json\/wp\/v2\/posts\/246812","targetHints":{"allow":["GET"]}}],"collection":[{"href":"https:\/\/www.europesays.com\/fr\/wp-json\/wp\/v2\/posts"}],"about":[{"href":"https:\/\/www.europesays.com\/fr\/wp-json\/wp\/v2\/types\/post"}],"author":[{"embeddable":true,"href":"https:\/\/www.europesays.com\/fr\/wp-json\/wp\/v2\/users\/2"}],"replies":[{"embeddable":true,"href":"https:\/\/www.europesays.com\/fr\/wp-json\/wp\/v2\/comments?post=246812"}],"version-history":[{"count":0,"href":"https:\/\/www.europesays.com\/fr\/wp-json\/wp\/v2\/posts\/246812\/revisions"}],"wp:featuredmedia":[{"embeddable":true,"href":"https:\/\/www.europesays.com\/fr\/wp-json\/wp\/v2\/media\/246813"}],"wp:attachment":[{"href":"https:\/\/www.europesays.com\/fr\/wp-json\/wp\/v2\/media?parent=246812"}],"wp:term":[{"taxonomy":"category","embeddable":true,"href":"https:\/\/www.europesays.com\/fr\/wp-json\/wp\/v2\/categories?post=246812"},{"taxonomy":"post_tag","embeddable":true,"href":"https:\/\/www.europesays.com\/fr\/wp-json\/wp\/v2\/tags?post=246812"}],"curies":[{"name":"wp","href":"https:\/\/api.w.org\/{rel}","templated":true}]}}