{"id":246820,"date":"2025-07-13T09:11:21","date_gmt":"2025-07-13T09:11:21","guid":{"rendered":"https:\/\/www.europesays.com\/fr\/246820\/"},"modified":"2025-07-13T09:11:21","modified_gmt":"2025-07-13T09:11:21","slug":"lallemagne-de-plus-en-plus-branchee-sur-lelectricite-verte","status":"publish","type":"post","link":"https:\/\/www.europesays.com\/fr\/246820\/","title":{"rendered":"l\u2019Allemagne de plus en plus branch\u00e9e sur l\u2019\u00e9lectricit\u00e9 verte"},"content":{"rendered":"<p>L\u2019archev\u00each\u00e9 de Cologne, le plus grand d\u2019Allemagne, est ambitieux. Il souhaite monter 1\u00a0200 installations photovolta\u00efques sur les toits de ses b\u00e2timents au cours des six prochaines ann\u00e9es. Parmi les premi\u00e8res r\u00e9alisations, l\u2019immense toit de la maison de l\u2019archev\u00eaque est d\u00e9sormais recouvert de modules qui permettent de produire plus d\u2019\u00e9lectricit\u00e9 que le b\u00e2timent n\u2019en consomme. Loin d\u2019\u00eatre un cas unique, c\u2019est un exemple de l\u2019attrait croissant de l\u2019\u00e9nergie solaire aupr\u00e8s des institutions, entreprises et particuliers dans cette cit\u00e9 rh\u00e9nane. L\u2019an dernier, Cologne a \u00e9t\u00e9 leader r\u00e9gional quant aux nouvelles capacit\u00e9s install\u00e9es.<\/p>\n<p>Cet article est r\u00e9serv\u00e9 aux abonn\u00e9s<\/p>\n<p>\n                    Vous souhaitez lire la suite\u00a0? Abonnez-vous sans engagement \u00e0 notre offre num\u00e9rique\n                <\/p>\n<p>                <a href=\"https:\/\/www.la-croix.com\/abonnement\" class=\"default-paywall__subscribe-button\" data-tracking=\"cta_click\" data-tracking-action=\"voir la page abonnement\" data-tracking-category=\"abonnement\" rel=\"nofollow noopener\" target=\"_blank\">Je m&rsquo;abonne<\/a><\/p>\n","protected":false},"excerpt":{"rendered":"L\u2019archev\u00each\u00e9 de Cologne, le plus grand d\u2019Allemagne, est ambitieux. Il souhaite monter 1\u00a0200 installations photovolta\u00efques sur les toits&hellip;\n","protected":false},"author":2,"featured_media":246821,"comment_status":"","ping_status":"","sticky":false,"template":"","format":"standard","meta":{"footnotes":""},"categories":[1587],"tags":[11,672,1804,1805,1803,1777,674,1801,12,1802],"class_list":{"0":"post-246820","1":"post","2":"type-post","3":"status-publish","4":"format-standard","5":"has-post-thumbnail","7":"category-allemagne","8":"tag-actualites","9":"tag-allemagne","10":"tag-bundesrepublik-deutschland","11":"tag-de","12":"tag-deutschland","13":"tag-eu","14":"tag-europe","15":"tag-germany","16":"tag-news","17":"tag-republique-federale-dallemagne"},"share_on_mastodon":{"url":"https:\/\/pubeurope.com\/@fr\/114845154362052926","error":""},"_links":{"self":[{"href":"https:\/\/www.europesays.com\/fr\/wp-json\/wp\/v2\/posts\/246820","targetHints":{"allow":["GET"]}}],"collection":[{"href":"https:\/\/www.europesays.com\/fr\/wp-json\/wp\/v2\/posts"}],"about":[{"href":"https:\/\/www.europesays.com\/fr\/wp-json\/wp\/v2\/types\/post"}],"author":[{"embeddable":true,"href":"https:\/\/www.europesays.com\/fr\/wp-json\/wp\/v2\/users\/2"}],"replies":[{"embeddable":true,"href":"https:\/\/www.europesays.com\/fr\/wp-json\/wp\/v2\/comments?post=246820"}],"version-history":[{"count":0,"href":"https:\/\/www.europesays.com\/fr\/wp-json\/wp\/v2\/posts\/246820\/revisions"}],"wp:featuredmedia":[{"embeddable":true,"href":"https:\/\/www.europesays.com\/fr\/wp-json\/wp\/v2\/media\/246821"}],"wp:attachment":[{"href":"https:\/\/www.europesays.com\/fr\/wp-json\/wp\/v2\/media?parent=246820"}],"wp:term":[{"taxonomy":"category","embeddable":true,"href":"https:\/\/www.europesays.com\/fr\/wp-json\/wp\/v2\/categories?post=246820"},{"taxonomy":"post_tag","embeddable":true,"href":"https:\/\/www.europesays.com\/fr\/wp-json\/wp\/v2\/tags?post=246820"}],"curies":[{"name":"wp","href":"https:\/\/api.w.org\/{rel}","templated":true}]}}