{"id":246836,"date":"2025-07-13T09:22:10","date_gmt":"2025-07-13T09:22:10","guid":{"rendered":"https:\/\/www.europesays.com\/fr\/246836\/"},"modified":"2025-07-13T09:22:10","modified_gmt":"2025-07-13T09:22:10","slug":"4-forfaits-en-motogp-ce-dimanche","status":"publish","type":"post","link":"https:\/\/www.europesays.com\/fr\/246836\/","title":{"rendered":"4 forfaits en MotoGP ce dimanche !"},"content":{"rendered":"<p>&#13;<\/p>\n<p><strong>Il n&rsquo;y aura que 18 pilotes MotoGP sur la grille lors de la course MotoGP du Sachsenring, ce dimanche. Un chiffre inhabituellement pas.<\/strong><\/p>\n<ul>\n<li>Bless\u00e9 \u00e0 un ligament du genou droit lors d&rsquo;un entra\u00eenement de motocross, <strong>Somkiat Chantra<\/strong> est absent et pas remplac\u00e9 chez LCR Honda Castrol. <strong>Takaaki Nakagami<\/strong> sera au guidon de sa machine \u00e0 Brno le week-end prochain.<\/li>\n<li>Malade (appendicite), <strong>Enea Bastianini<\/strong> a d\u00fb faire l&rsquo;impasse sur le week-end allemand et le timing \u2013 cela s&rsquo;est confirm\u00e9 juste avant le Grand Prix \u2013 n&rsquo;a pas permis \u00e0 Red Bull KTM Tech3 d&rsquo;aligner un autre pilote.<\/li>\n<li>Son co\u00e9quipier <strong>Maverick Vi\u00f1ales <\/strong>s&rsquo;est bless\u00e9 \u00e0 l&rsquo;\u00e9paule gauche lors d&rsquo;une chute survenue d\u00e8s le quatri\u00e8me virage de sa Q2 au Sachsenring, alors qu&rsquo;il venait de s&rsquo;extirper de la Q2. Il ne reprendra pas le guidon de sa KTM RC16 avant ao\u00fbt.<\/li>\n<li>Quelques heures plus tard, <strong>Franco Morbidelli<\/strong> s&rsquo;est \u00e9galement bless\u00e9 \u00e0 l&rsquo;\u00e9paule en tombant lors du sprint. Le pilote de l&rsquo;\u00e9quipe Pertamina Enduro VR46 est forfait pour la suite du Grand Prix.<\/li>\n<\/ul>\n<p>&#13;<br \/>\n           &#13;<br \/>\n&#13;<br \/>\n    &#13;<br \/>\n    &#13;<\/p>\n","protected":false},"excerpt":{"rendered":"&#13; Il n&rsquo;y aura que 18 pilotes MotoGP sur la grille lors de la course MotoGP du Sachsenring,&hellip;\n","protected":false},"author":2,"featured_media":246837,"comment_status":"","ping_status":"","sticky":false,"template":"","format":"standard","meta":{"footnotes":""},"categories":[1413],"tags":[1011,27,1457,1456,60],"class_list":{"0":"post-246836","1":"post","2":"type-post","3":"status-publish","4":"format-standard","5":"has-post-thumbnail","7":"category-moto","8":"tag-fr","9":"tag-france","10":"tag-moto","11":"tag-motocycle","12":"tag-sports"},"share_on_mastodon":{"url":"https:\/\/pubeurope.com\/@fr\/114845197491341942","error":""},"_links":{"self":[{"href":"https:\/\/www.europesays.com\/fr\/wp-json\/wp\/v2\/posts\/246836","targetHints":{"allow":["GET"]}}],"collection":[{"href":"https:\/\/www.europesays.com\/fr\/wp-json\/wp\/v2\/posts"}],"about":[{"href":"https:\/\/www.europesays.com\/fr\/wp-json\/wp\/v2\/types\/post"}],"author":[{"embeddable":true,"href":"https:\/\/www.europesays.com\/fr\/wp-json\/wp\/v2\/users\/2"}],"replies":[{"embeddable":true,"href":"https:\/\/www.europesays.com\/fr\/wp-json\/wp\/v2\/comments?post=246836"}],"version-history":[{"count":0,"href":"https:\/\/www.europesays.com\/fr\/wp-json\/wp\/v2\/posts\/246836\/revisions"}],"wp:featuredmedia":[{"embeddable":true,"href":"https:\/\/www.europesays.com\/fr\/wp-json\/wp\/v2\/media\/246837"}],"wp:attachment":[{"href":"https:\/\/www.europesays.com\/fr\/wp-json\/wp\/v2\/media?parent=246836"}],"wp:term":[{"taxonomy":"category","embeddable":true,"href":"https:\/\/www.europesays.com\/fr\/wp-json\/wp\/v2\/categories?post=246836"},{"taxonomy":"post_tag","embeddable":true,"href":"https:\/\/www.europesays.com\/fr\/wp-json\/wp\/v2\/tags?post=246836"}],"curies":[{"name":"wp","href":"https:\/\/api.w.org\/{rel}","templated":true}]}}