{"id":246844,"date":"2025-07-13T09:26:10","date_gmt":"2025-07-13T09:26:10","guid":{"rendered":"https:\/\/www.europesays.com\/fr\/246844\/"},"modified":"2025-07-13T09:26:10","modified_gmt":"2025-07-13T09:26:10","slug":"gisele-pelicot-sophia-aram-pharrell-williams-et-olivier-veran-distingues-ce-14-juillet","status":"publish","type":"post","link":"https:\/\/www.europesays.com\/fr\/246844\/","title":{"rendered":"Gis\u00e8le Pelicot, Sophia Aram, Pharrell Williams et Olivier V\u00e9ran distingu\u00e9s ce 14-juillet"},"content":{"rendered":"<p>Pas moins de 589 personnes figurent dans la promotion civile de la <a href=\"https:\/\/www.20minutes.fr\/dossier\/l_gion_d_honneur\" class=\"color-ultramarine c-link\" target=\"_blank\" rel=\"noopener\">L\u00e9gion d\u2019honneur<\/a> de ce 14\u00a0juillet. Parmi elles, plusieurs personnalit\u00e9s r\u00e9compens\u00e9es pour leur \u00ab\u00a0investissement pour l\u2019int\u00e9r\u00eat g\u00e9n\u00e9ral\u00a0\u00bb, comme l\u2019avance la Grande Chancellerie dans un communiqu\u00e9.<\/p>\n<p>Les d\u00e9cor\u00e9s de ce lundi se r\u00e9partissent entre 497 chevaliers, 68 officiers, 18 commandeurs, ainsi que 4 grands officiers et 2 grand-croix.<\/p>\n<p>Cette derni\u00e8re r\u00e9compense &#8211; la plus haute dignit\u00e9 &#8211; a \u00e9t\u00e9 attribu\u00e9e \u00e0 l\u2019historienne Mona Ozouf, sp\u00e9cialiste de la R\u00e9volution fran\u00e7aise, de l\u2019\u00e9cole de la R\u00e9publique et de la la\u00efcit\u00e9, ainsi qu\u2019\u00e0 l\u2019ancien pr\u00e9sident du Conseil constitutionnel au pass\u00e9 d\u2019alpiniste Pierre Mazeaud.<\/p>\n<p>Jean-Louis Aubert fait chevalier et Sylvie Vartan promue commandeur<\/p>\n<p><a href=\"https:\/\/www.20minutes.fr\/societe\/gisele-pelicot\/\" class=\"color-ultramarine c-link\" target=\"_blank\" rel=\"noopener\">Gis\u00e8le Pelicot<\/a>, devenue ic\u00f4ne f\u00e9ministe mondiale, a \u00e9t\u00e9 \u00e9lev\u00e9e au grade de chevalier\u00a0: elle incarne le combat contre les violences sexuelles pour avoir refus\u00e9 le huis clos, l\u2019an pass\u00e9, <a href=\"https:\/\/www.20minutes.fr\/societe\/affaire-mazan\/\" class=\"color-ultramarine c-link\" target=\"_blank\" rel=\"noopener\">lors du proc\u00e8s des viols qu\u2019elle a subis sous soumission chimique<\/a> par son ancien mari et d\u2019autres hommes.<\/p>\n<\/p>\n<p>C\u00f4t\u00e9 culture, seront honor\u00e9s l\u2019humoriste Sophia Aram, le chanteur Jean-Louis Aubert, la com\u00e9dienne L\u00e9a Drucker, les \u00e9crivains \u00c9milie Fr\u00e8che, <a href=\"https:\/\/www.20minutes.fr\/dossier\/marc_levy\" class=\"color-ultramarine c-link\" target=\"_blank\" rel=\"noopener\">Marc Levy<\/a> et l\u2019acad\u00e9micien Andre\u00ef Makine, ainsi que l\u2019artiste \u00e9tats-unien <a href=\"https:\/\/www.20minutes.fr\/dossier\/pharrell_williams\" class=\"color-ultramarine c-link\" target=\"_blank\" rel=\"noopener\">Pharrell Williams<\/a>. Tous seront d\u00e9cor\u00e9s chevalier. Catherine Lara et <a href=\"https:\/\/www.20minutes.fr\/dossier\/sylvie-vartan\" class=\"color-ultramarine c-link\" target=\"_blank\" rel=\"noopener\">Sylvie Vartan<\/a>, elles, seront promues au grade de commandeur.<\/p>\n<p>Dupond-Moretti, Le Foll et Guerini d\u00e9cor\u00e9s<\/p>\n<p>Plusieurs personnalit\u00e9s politiques seront distingu\u00e9es, dont les anciens ministres <a href=\"https:\/\/www.20minutes.fr\/dossier\/eric_dupond-moretti\" class=\"color-ultramarine c-link\" target=\"_blank\" rel=\"noopener\">\u00c9ric Dupond-Moretti<\/a>, Stanislas Guerini, <a href=\"https:\/\/www.20minutes.fr\/dossier\/stephane_le_foll\" class=\"color-ultramarine c-link\" target=\"_blank\" rel=\"noopener\">St\u00e9phane Le\u00a0Foll<\/a> et <a href=\"https:\/\/www.20minutes.fr\/politique\/olivier-veran\/\" class=\"color-ultramarine c-link\" target=\"_blank\" rel=\"noopener\">Olivier V\u00e9ran<\/a>, \u00e9lev\u00e9s au rang de chevalier, ainsi que <a href=\"https:\/\/www.20minutes.fr\/dossier\/bruno_le_maire\" class=\"color-ultramarine c-link\" target=\"_blank\" rel=\"noopener\">Bruno Le\u00a0Maire<\/a> et l\u2019ex-secr\u00e9taire g\u00e9n\u00e9ral de l\u2019Elys\u00e9e Alexis Kohler \u00e9lev\u00e9s officier.<\/p>\n<p>Cette promotion du 14\u00a0juillet 2025 compte \u00e9galement dans ses rangs l\u2019astrophysicienne Fran\u00e7oise Combes (commandeur) et l\u2019ancienne r\u00e9sistante d\u00e9port\u00e9e au camp d\u2019Auschwitz Yvette Levy (grand officier).<\/p>\n<p><a href=\"https:\/\/www.20minutes.fr\/dossier\/l_gion_d_honneur\" class=\"c-link c-btn c-btn--primary\" target=\"_blank\" rel=\"noopener\">Nos articles sur la l\u00e9gion d&rsquo;honneur<\/a><\/p>\n<p>Pour la premi\u00e8re fois vingt personnes, notamment des responsables associatifs, des \u00e9lus locaux, des professeurs et des m\u00e9decins, seront d\u00e9cor\u00e9es au titre de l\u2019initiative citoyenne. Instaur\u00e9 par Nicolas Sarkozy en\u00a02008, ce m\u00e9canisme r\u00e9activ\u00e9 en\u00a02025 permet d\u2019adresser directement des candidatures \u00e0 la Grande Chancellerie, pour faire \u00e9merger des profils hors des circuits traditionnels par les minist\u00e8res.<\/p>\n","protected":false},"excerpt":{"rendered":"Pas moins de 589 personnes figurent dans la promotion civile de la L\u00e9gion d\u2019honneur de ce 14\u00a0juillet. Parmi&hellip;\n","protected":false},"author":2,"featured_media":246845,"comment_status":"","ping_status":"","sticky":false,"template":"","format":"standard","meta":{"footnotes":""},"categories":[1359],"tags":[47,58,59,10222,1011,27,1188,10254,38636,37158,973,34203,104,32452,38635,7409],"class_list":{"0":"post-246844","1":"post","2":"type-post","3":"status-publish","4":"format-standard","5":"has-post-thumbnail","7":"category-people","8":"tag-actualite","9":"tag-divertissement","10":"tag-entertainment","11":"tag-eric-dupond-moretti","12":"tag-fr","13":"tag-france","14":"tag-gisele-pelicot","15":"tag-legion-dhonneur","16":"tag-marc-levy","17":"tag-olivier-veran","18":"tag-people","19":"tag-pharrell-williams","20":"tag-societe","21":"tag-sophia-aram","22":"tag-stanislas-guerini","23":"tag-sylvie-vartan"},"share_on_mastodon":{"url":"https:\/\/pubeurope.com\/@fr\/114845213360092788","error":""},"_links":{"self":[{"href":"https:\/\/www.europesays.com\/fr\/wp-json\/wp\/v2\/posts\/246844","targetHints":{"allow":["GET"]}}],"collection":[{"href":"https:\/\/www.europesays.com\/fr\/wp-json\/wp\/v2\/posts"}],"about":[{"href":"https:\/\/www.europesays.com\/fr\/wp-json\/wp\/v2\/types\/post"}],"author":[{"embeddable":true,"href":"https:\/\/www.europesays.com\/fr\/wp-json\/wp\/v2\/users\/2"}],"replies":[{"embeddable":true,"href":"https:\/\/www.europesays.com\/fr\/wp-json\/wp\/v2\/comments?post=246844"}],"version-history":[{"count":0,"href":"https:\/\/www.europesays.com\/fr\/wp-json\/wp\/v2\/posts\/246844\/revisions"}],"wp:featuredmedia":[{"embeddable":true,"href":"https:\/\/www.europesays.com\/fr\/wp-json\/wp\/v2\/media\/246845"}],"wp:attachment":[{"href":"https:\/\/www.europesays.com\/fr\/wp-json\/wp\/v2\/media?parent=246844"}],"wp:term":[{"taxonomy":"category","embeddable":true,"href":"https:\/\/www.europesays.com\/fr\/wp-json\/wp\/v2\/categories?post=246844"},{"taxonomy":"post_tag","embeddable":true,"href":"https:\/\/www.europesays.com\/fr\/wp-json\/wp\/v2\/tags?post=246844"}],"curies":[{"name":"wp","href":"https:\/\/api.w.org\/{rel}","templated":true}]}}