{"id":246846,"date":"2025-07-13T09:27:10","date_gmt":"2025-07-13T09:27:10","guid":{"rendered":"https:\/\/www.europesays.com\/fr\/246846\/"},"modified":"2025-07-13T09:27:10","modified_gmt":"2025-07-13T09:27:10","slug":"brooklyn-beckham-et-nicola-peltz-ils-demolissent-le-travail-dun-celebre-architecte-dans-leur-manoir-hors-de-prix","status":"publish","type":"post","link":"https:\/\/www.europesays.com\/fr\/246846\/","title":{"rendered":"Brooklyn Beckham et Nicola Peltz : ils d\u00e9molissent le travail d\u2019un c\u00e9l\u00e8bre architecte dans leur manoir hors de prix"},"content":{"rendered":"<p>Brooklyn Beckham et Nicola Peltz d\u00e9pensent plus d\u2019un million de<br \/>\ndollars pour d\u00e9molir les \u0153uvres d\u2019un architecte hors-pair. Le<br \/>\ncouple avait r\u00e9cemment fait l\u2019acquisition d\u2019un manoir d\u2019une<br \/>\n<strong>valeur de 16 millions de dollars<\/strong> \u00e0 Beverly Hills.<br \/>\nLe Daily Mail d\u00e9crit : \u00ab\u00a0Une luxueuse propri\u00e9t\u00e9 de six<br \/>\nchambres et sept salles de bains\u00a0\u00bb.<\/p>\n<p>La luxueuse <a href=\"https:\/\/www.closermag.fr\/people\/brooklyn-beckham-et-nicola-peltz-claquent-des-millions-dans-une-luxueuse-maison-a-l-a-nouveau-cap-dans-la-guerre-intrafamiliale-3556046\" target=\"_blank\" rel=\"noopener\"><br \/>\nmaison de Brooklyn et Nicola<\/a>, qui serait une attaque de plus \u00e0<br \/>\nl\u2019\u00e9gard de David et Victoria Beckham qui sont en froid avec le<br \/>\njeune homme, est dot\u00e9e d\u2019<strong>int\u00e9rieurs au style<br \/>\nitalien<\/strong> sur mesure. Eh bien, le jeune couple ne serait pas<br \/>\ndu tout friand de ce type de finitions luxueuses.<\/p>\n<p>Brooklyn Beckham et Nicola Peltz d\u00e9molissent tout !<\/p>\n<p>Le fils de David et Victoria Beckham n\u2019a pas mis longtemps avant<br \/>\nde supprimer la majeure partie des caract\u00e9ristiques luxueuses de sa<br \/>\nnouvelle maison. <a href=\"https:\/\/www.closermag.fr\/people\/guerre-chez-les-beckham-brooklyn-tend-la-main-a-sa-famille-pour-la-premiere-fois-depuis-des-mois-3559022\" target=\"_blank\" rel=\"noopener\"><br \/>\nBrooklyn Beckham<\/a>, 26 ans, et son \u00e9pouse Nicola Peltz, 30 ans,<br \/>\nont d\u00e9moli le travail du c\u00e9l\u00e8bre architecte Vincent Van Duysen pour<br \/>\nun co\u00fbt d\u2019<strong>au moins 1 millions de dollars<\/strong>.<\/p>\n<blockquote class=\"instagram-media\" style=\"background: #ffffff;border: 0;margin: 1px;width: 100%;padding: 0;max-width: 500px;\" data-instgrm-permalink=\"https:\/\/www.instagram.com\/p\/DLQKOkLzGs-\/?utm_source=ig_web_copy_link\" data-instgrm-version=\"14\"\/>\n<p>L&rsquo;architecte a int\u00e9gr\u00e9 dans les finitions des salles de bains de<br \/>\nla maison de Brooklyn et de Nicola des mat\u00e9riaux ultra-luxueux :<br \/>\narmoires en laque noir mat, plans de travail en pierre de lave et<br \/>\nfinitions en bronze. Le couple a quasiment tout refait \u00e0 neuf de<br \/>\nl&rsquo;\u0153uvre originale de Van Duysen.<\/p>\n<p>Brooklyn Beckham et Nicola Peltz<br \/>\nsuppriment les r\u00e9alisations de l\u2019architecte de Kim Kardashian<\/p>\n<p>Selon les permis d\u00e9pos\u00e9s aupr\u00e8s de la ville de Beverly Hills<br \/>\nobtenus par le Daily Mail, Brooklyn Beckham et <a href=\"https:\/\/www.closermag.fr\/people\/guerre-froide-chez-les-beckham-brooklyn-et-nicola-sortent-du-silence-et-ca-ne-va-rien-arranger-3551106\" target=\"_blank\" rel=\"noopener\"><br \/>\nNicola Peltz<\/a> ont supprim\u00e9 tous les plans de travail de la<br \/>\ncuisine et quatre des six meubles de salle de bain. \u00ab\u00a0Ils ont<br \/>\nm\u00eame remplac\u00e9 le chic <a href=\"https:\/\/www.maison-travaux.fr\/renovation-par-piece\/cuisine-renovation-par-piece\/adieu-placards-cuisine-classiques-desormais-sont-ces-tendances-vont-prendre-relais-571423.html\" target=\"_blank\" rel=\"noopener\"><br \/>\nfoyer ext\u00e9rieur en m\u00e9tal<\/a> par un foyer en<br \/>\npierre\u00a0\u00bb, souligne le m\u00e9dia britannique.<\/p>\n<p>Vincent Van Duysen est un architecte d\u2019origine belge respect\u00e9<br \/>\ndans la sph\u00e8re des c\u00e9l\u00e9brit\u00e9s. Le c\u00e9l\u00e8bre architecte est reconnu<br \/>\npar Elle Decor. Julianne Moore et Kim Kardashian figurent<br \/>\nparmi les personnalit\u00e9s ayant d\u00e9j\u00e0 <strong>fait appel \u00e0 ce<br \/>\nprofessionnel<\/strong>. Il est aussi l\u2019architecte derri\u00e8re la<br \/>\ncollection Zara Home, pr\u00e9cise le Daily Mail.<\/p>\n<p><script async src=\"\/\/www.instagram.com\/embed.js\"><\/script><\/p>\n","protected":false},"excerpt":{"rendered":"Brooklyn Beckham et Nicola Peltz d\u00e9pensent plus d\u2019un million de dollars pour d\u00e9molir les \u0153uvres d\u2019un architecte hors-pair.&hellip;\n","protected":false},"author":2,"featured_media":246847,"comment_status":"","ping_status":"","sticky":false,"template":"","format":"standard","meta":{"footnotes":""},"categories":[1358],"tags":[548,1348,1384,1385,18948,1386,58,59,1011,27,38637,729],"class_list":{"0":"post-246846","1":"post","2":"type-post","3":"status-publish","4":"format-standard","5":"has-post-thumbnail","7":"category-arts-et-design","8":"tag-article-simple","9":"tag-arts","10":"tag-arts-and-design","11":"tag-arts-et-design","12":"tag-brooklyn-beckham","13":"tag-design","14":"tag-divertissement","15":"tag-entertainment","16":"tag-fr","17":"tag-france","18":"tag-nicola-peltz","19":"tag-yout_video"},"share_on_mastodon":{"url":"https:\/\/pubeurope.com\/@fr\/114845217315864325","error":""},"_links":{"self":[{"href":"https:\/\/www.europesays.com\/fr\/wp-json\/wp\/v2\/posts\/246846","targetHints":{"allow":["GET"]}}],"collection":[{"href":"https:\/\/www.europesays.com\/fr\/wp-json\/wp\/v2\/posts"}],"about":[{"href":"https:\/\/www.europesays.com\/fr\/wp-json\/wp\/v2\/types\/post"}],"author":[{"embeddable":true,"href":"https:\/\/www.europesays.com\/fr\/wp-json\/wp\/v2\/users\/2"}],"replies":[{"embeddable":true,"href":"https:\/\/www.europesays.com\/fr\/wp-json\/wp\/v2\/comments?post=246846"}],"version-history":[{"count":0,"href":"https:\/\/www.europesays.com\/fr\/wp-json\/wp\/v2\/posts\/246846\/revisions"}],"wp:featuredmedia":[{"embeddable":true,"href":"https:\/\/www.europesays.com\/fr\/wp-json\/wp\/v2\/media\/246847"}],"wp:attachment":[{"href":"https:\/\/www.europesays.com\/fr\/wp-json\/wp\/v2\/media?parent=246846"}],"wp:term":[{"taxonomy":"category","embeddable":true,"href":"https:\/\/www.europesays.com\/fr\/wp-json\/wp\/v2\/categories?post=246846"},{"taxonomy":"post_tag","embeddable":true,"href":"https:\/\/www.europesays.com\/fr\/wp-json\/wp\/v2\/tags?post=246846"}],"curies":[{"name":"wp","href":"https:\/\/api.w.org\/{rel}","templated":true}]}}