{"id":246848,"date":"2025-07-13T09:28:09","date_gmt":"2025-07-13T09:28:09","guid":{"rendered":"https:\/\/www.europesays.com\/fr\/246848\/"},"modified":"2025-07-13T09:28:09","modified_gmt":"2025-07-13T09:28:09","slug":"les-animaux-de-ce-pays-la-plus-que-lente-la-selection-de-livres-de-lete-de-la-librairie-lhorloge-de-carpentras","status":"publish","type":"post","link":"https:\/\/www.europesays.com\/fr\/246848\/","title":{"rendered":"\u00ab\u00a0Les animaux de ce pays\u00a0\u00bb, \u00ab\u00a0La plus que lente\u00a0\u00bb&#8230; la s\u00e9lection de livres de l&rsquo;\u00e9t\u00e9 de la librairie l&rsquo;Horloge de Carpentras"},"content":{"rendered":"<p>Apr\u00e8s <a href=\"https:\/\/www.laprovence.com\/article\/culture-loisirs\/4488105288895914\/a-marseille-la-selection-des-livres-de-l-ete-par-les-libraires-de-la-librairie-maupetit\" target=\"_blank\" rel=\"noopener\">la librairie Maupetit<\/a> \u00e0 Marseille la semaine pass\u00e9e, la r\u00e9daction s&rsquo;est rendue \u00e0 la librairie de L&rsquo;Horloge de Carpentras. Laure, Didier et Clara, libraires, partagent leur coup de c\u0153ur litt\u00e9raire respectif de l&rsquo;\u00e9t\u00e9.<\/p>\n<p>\u00ab\u00a0Les animaux de ce pays\u00a0\u00bb, de Laura Jean McKay<\/p>\n<p>Pourquoi ne pas opter pour le livre original et percutant, o\u00f9 les habitants sont frapp\u00e9s par un ph\u00e9nom\u00e8ne \u00e9trange, Les animaux de ce pays (23,90\u00a0\u20ac) de Laura Jean McKay aux \u00e9ditions Dalva\u00a0? Laure \u00e9voque un premier roman \u00ab\u00a0bluffant\u00a0\u00bb de cette auteure australienne. Cette derni\u00e8re a, avec cet ouvrage, obtenu plusieurs r\u00e9compenses dans son pays.<\/p>\n<p>Ce roman qui est paru en\u00a02020, l&rsquo;ann\u00e9e de <a href=\"https:\/\/www.laprovence.com\/coronavirus\" target=\"_blank\" rel=\"noopener\">la pand\u00e9mie de coronavirus<\/a> \u00e9volue dans un d\u00e9cor qui pourrait s&rsquo;y m\u00e9prendre \u00e0 ce que la population mondiale a v\u00e9cu il y a cinq ans\u00a0: \u00ab\u00a0On retrouve un\u00a0virus, une apocalypse et des animaux qui parlent. Nous sommes aussi et surtout sur une exploration du langage et sur la compr\u00e9hension de l&rsquo;autre\u00a0\u00bb. Toujours d&rsquo;apr\u00e8s la libraire, l&rsquo;h\u00e9ro\u00efne Joan est \u00ab\u00a0magnifique, dr\u00f4le et \u00e9mouvante\u00a0\u00bb. Pour une lecture estivale, Laure le promet\u00a0: \u00ab\u00a0vous ne serez certainement pas d\u00e9\u00e7u\u00a0!\u00a0\u00bb.<\/p>\n","protected":false},"excerpt":{"rendered":"Apr\u00e8s la librairie Maupetit \u00e0 Marseille la semaine pass\u00e9e, la r\u00e9daction s&rsquo;est rendue \u00e0 la librairie de L&rsquo;Horloge&hellip;\n","protected":false},"author":2,"featured_media":246849,"comment_status":"","ping_status":"","sticky":false,"template":"","format":"standard","meta":{"footnotes":""},"categories":[1357],"tags":[17,1867,1379,251,58,59,1011,27,4743,38638,151,1380,5457,378,746],"class_list":{"0":"post-246848","1":"post","2":"type-post","3":"status-publish","4":"format-standard","5":"has-post-thumbnail","7":"category-livres","8":"tag-17","9":"tag-animaux","10":"tag-books","11":"tag-culture","12":"tag-divertissement","13":"tag-entertainment","14":"tag-fr","15":"tag-france","16":"tag-la","17":"tag-lente","18":"tag-les","19":"tag-livres","20":"tag-pays","21":"tag-plus","22":"tag-que"},"share_on_mastodon":{"url":"https:\/\/pubeurope.com\/@fr\/114845221061724152","error":""},"_links":{"self":[{"href":"https:\/\/www.europesays.com\/fr\/wp-json\/wp\/v2\/posts\/246848","targetHints":{"allow":["GET"]}}],"collection":[{"href":"https:\/\/www.europesays.com\/fr\/wp-json\/wp\/v2\/posts"}],"about":[{"href":"https:\/\/www.europesays.com\/fr\/wp-json\/wp\/v2\/types\/post"}],"author":[{"embeddable":true,"href":"https:\/\/www.europesays.com\/fr\/wp-json\/wp\/v2\/users\/2"}],"replies":[{"embeddable":true,"href":"https:\/\/www.europesays.com\/fr\/wp-json\/wp\/v2\/comments?post=246848"}],"version-history":[{"count":0,"href":"https:\/\/www.europesays.com\/fr\/wp-json\/wp\/v2\/posts\/246848\/revisions"}],"wp:featuredmedia":[{"embeddable":true,"href":"https:\/\/www.europesays.com\/fr\/wp-json\/wp\/v2\/media\/246849"}],"wp:attachment":[{"href":"https:\/\/www.europesays.com\/fr\/wp-json\/wp\/v2\/media?parent=246848"}],"wp:term":[{"taxonomy":"category","embeddable":true,"href":"https:\/\/www.europesays.com\/fr\/wp-json\/wp\/v2\/categories?post=246848"},{"taxonomy":"post_tag","embeddable":true,"href":"https:\/\/www.europesays.com\/fr\/wp-json\/wp\/v2\/tags?post=246848"}],"curies":[{"name":"wp","href":"https:\/\/api.w.org\/{rel}","templated":true}]}}