{"id":246850,"date":"2025-07-13T09:29:12","date_gmt":"2025-07-13T09:29:12","guid":{"rendered":"https:\/\/www.europesays.com\/fr\/246850\/"},"modified":"2025-07-13T09:29:12","modified_gmt":"2025-07-13T09:29:12","slug":"faut-il-regarder-lepisode-la-voie-de-lesprit-diffuse-ce-dimanche-13-juillet-2025-notre-avis","status":"publish","type":"post","link":"https:\/\/www.europesays.com\/fr\/246850\/","title":{"rendered":"Faut-il regarder l&rsquo;\u00e9pisode La voie de l&rsquo;esprit diffus\u00e9 ce dimanche 13 juillet 2025 ? Notre avis"},"content":{"rendered":"<p>Surprise ! Ce dimanche 13 juillet, les t\u00e9l\u00e9spectateurs de France 3 ont rendez-vous avec&#8230; Alex Hugo ! La cha\u00eene publique propose en effet de passer la soir\u00e9e en compagnie du h\u00e9ros incarn\u00e9 par Samuel Le Bihan, qui sauve une jeune fille d&rsquo;une tentative de suicide et va d\u00e9couvrir peu \u00e0 peu sa terrible histoire.<\/p>\n<p>Une fois n&rsquo;est pas coutume, France 3 propose, ce dimanche 13 juillet, de  (re)d\u00e9couvrir un \u00e9pisode d&rsquo;<b>Alex Hugo<\/b> intitul\u00e9 La voie de l&rsquo;esprit. \u00c0 l&rsquo;origine, cette intrigue avait \u00e9t\u00e9 diffus\u00e9e une premi\u00e8re fois en septembre 2021 et avait remport\u00e9 un grand succ\u00e8s d&rsquo;audience en rassemblant 5,7 millions de t\u00e9l\u00e9spectateurs pour une part d&rsquo;audience de 25,8 %. C&rsquo;est d&rsquo;ailleurs \u00e0 cette p\u00e9riode que l&rsquo;interpr\u00e8te d&rsquo;Angelo,<b> <\/b><a href=\"https:\/\/www.programme-tv.net\/news\/series-tv\/324164-alex-hugo-france-3-lionnel-astier-explique-pourquoi-il-a-quitte-la-serie-avec-samuel-le-bihan\/\" data-api-deeplink=\"teleloisirs:\/\/news\/324164\" target=\"_blank\" rel=\"noopener\"><b>Lionnel Astier<\/b>, avait fait savoir qu&rsquo;il comptait quitter<\/a> la fiction de France T\u00e9l\u00e9visions. Une nouvelle marquante pour tous, en premier lieu <a href=\"https:\/\/www.programme-tv.net\/news\/series-tv\/324132-alex-hugo-il-me-manque-terriblement-emu-samuel-le-bihan-reagit-au-depart-de-lionnel-astier-de-son-partenaire-et-ami-de-la-serie-de-france-3\/\" data-api-deeplink=\"teleloisirs:\/\/news\/324132\" target=\"_blank\" rel=\"noopener\"><b>Samuel Le Bihan<\/b><\/a>.<\/p>\n<p>Alex Hugo : De quoi parle l&rsquo;\u00e9pisode La voie de l&rsquo;esprit rediffus\u00e9 ce dimanche 13 juillet 2025 sur France 3 ?<\/p>\n<p>Dans cet \u00e9pisode d&rsquo;Alex Hugo, le flic de la rurale patrouille dans la montagne comme d&rsquo;accoutum\u00e9e, quand il voit au loin une jeune fille qui s&rsquo;appr\u00eate \u00e0 se suicider. Il se pr\u00e9cipite pour la sauver et la ram\u00e8ne au commissariat afin de comprendre ce qui l&rsquo;a pouss\u00e9e \u00e0 cette situation. La jeune Elise (<b>Pauline Serieys<\/b>) raconte \u00e0 Alex Hugo qu&rsquo;elle s&rsquo;est rendue \u00e0 une f\u00eate, a eu un blackout puis a compris, en rentrant chez elle, qu&rsquo;elle avait \u00e9t\u00e9 viol\u00e9e. Le flic et son chef Angelo se d\u00e9m\u00e8nent alors pour retrouver le coupable. Cette enqu\u00eate va ainsi mener Alex et ses coll\u00e8gues \u00e0 d\u00e9couvrir le cas d&rsquo;un violeur r\u00e9cidiviste.<\/p>\n<p>                        Alex Hugo : Faut-il regarder l&rsquo;\u00e9pisode La voie de l&rsquo;esprit diffus\u00e9 ce dimanche 13 juillet 2025 ? Notre avis<\/p>\n<p>Cet \u00e9pisode d&rsquo;Alex Hugo vaut-il le coup d&rsquo;\u0153il ? C&rsquo;est le cas ! Outre les paysages de montagne toujours aussi \u00e9poustouflants d&rsquo;\u00e9pisode en \u00e9pisode, cette enqu\u00eate s&rsquo;av\u00e8re particuli\u00e8rement touchante. D\u00e9j\u00e0 pour son sujet important et d\u00e9licat, mais \u00e9galement pour l&rsquo;interpr\u00e9tation tr\u00e8s convaincante de plusieurs des protagonistes. A commencer par celle tout en justesse et en nuance de <b>Pauline Serieys<\/b> dans le r\u00f4le d&rsquo;Elise, ou celle d&rsquo;<b>Alice Daubelcour<\/b>, interpr\u00e8te de la rebelle Ariane qui cache une profonde blessure.<\/p>\n","protected":false},"excerpt":{"rendered":"Surprise ! Ce dimanche 13 juillet, les t\u00e9l\u00e9spectateurs de France 3 ont rendez-vous avec&#8230; Alex Hugo ! La&hellip;\n","protected":false},"author":2,"featured_media":246851,"comment_status":"","ping_status":"","sticky":false,"template":"","format":"standard","meta":{"footnotes":""},"categories":[1356],"tags":[38644,38643,38642,5334,244,58,59,1011,27,876,38640,20676,38639,252,1364,38641],"class_list":{"0":"post-246850","1":"post","2":"type-post","3":"status-publish","4":"format-standard","5":"has-post-thumbnail","7":"category-television","8":"tag-alex-hugo","9":"tag-alex-hugo-21092021-210500-france-3","10":"tag-alex-hugo-21092021-224500-france-3","11":"tag-channel_bandes-annonces","12":"tag-commentaire","13":"tag-divertissement","14":"tag-entertainment","15":"tag-fr","16":"tag-france","17":"tag-france-3","18":"tag-guid_6272317315001","19":"tag-lionnel-astier","20":"tag-samuel-le-bihan","21":"tag-television","22":"tag-tv","23":"tag-uuid_5c785441-0c59-4be6-bfc8-a5a00f217f7f"},"share_on_mastodon":{"url":"https:\/\/pubeurope.com\/@fr\/114845224976105949","error":""},"_links":{"self":[{"href":"https:\/\/www.europesays.com\/fr\/wp-json\/wp\/v2\/posts\/246850","targetHints":{"allow":["GET"]}}],"collection":[{"href":"https:\/\/www.europesays.com\/fr\/wp-json\/wp\/v2\/posts"}],"about":[{"href":"https:\/\/www.europesays.com\/fr\/wp-json\/wp\/v2\/types\/post"}],"author":[{"embeddable":true,"href":"https:\/\/www.europesays.com\/fr\/wp-json\/wp\/v2\/users\/2"}],"replies":[{"embeddable":true,"href":"https:\/\/www.europesays.com\/fr\/wp-json\/wp\/v2\/comments?post=246850"}],"version-history":[{"count":0,"href":"https:\/\/www.europesays.com\/fr\/wp-json\/wp\/v2\/posts\/246850\/revisions"}],"wp:featuredmedia":[{"embeddable":true,"href":"https:\/\/www.europesays.com\/fr\/wp-json\/wp\/v2\/media\/246851"}],"wp:attachment":[{"href":"https:\/\/www.europesays.com\/fr\/wp-json\/wp\/v2\/media?parent=246850"}],"wp:term":[{"taxonomy":"category","embeddable":true,"href":"https:\/\/www.europesays.com\/fr\/wp-json\/wp\/v2\/categories?post=246850"},{"taxonomy":"post_tag","embeddable":true,"href":"https:\/\/www.europesays.com\/fr\/wp-json\/wp\/v2\/tags?post=246850"}],"curies":[{"name":"wp","href":"https:\/\/api.w.org\/{rel}","templated":true}]}}