{"id":246852,"date":"2025-07-13T09:30:28","date_gmt":"2025-07-13T09:30:28","guid":{"rendered":"https:\/\/www.europesays.com\/fr\/246852\/"},"modified":"2025-07-13T09:30:28","modified_gmt":"2025-07-13T09:30:28","slug":"justin-bieber-surprend-tout-le-monde-avec-son-nouvel-album-swag","status":"publish","type":"post","link":"https:\/\/www.europesays.com\/fr\/246852\/","title":{"rendered":"Justin Bieber surprend tout le monde avec son nouvel album Swag"},"content":{"rendered":"<p class=\"mb-4 text-lg md:leading-8 break-words\">Le septi\u00e8me album de Justin Bieber, Swag, est sorti cette nuit. Et c&rsquo;est une surprise totale.<\/p>\n<p class=\"mb-4 text-lg md:leading-8 break-words\">Hormis quelques rares publications de lui en studio cette ann\u00e9e, rien n&rsquo;avait filtr\u00e9. Le public \u00e9tait essentiellement concentr\u00e9 sur les rumeurs concernant<a class=\"link \" href=\"https:\/\/www.lepoint.fr\/people\/de-la-drogue-decouverte-au-domicile-de-justin-bieber-15-01-2014-1780380_2116.php\" rel=\"nofollow noopener\" target=\"_blank\" data-ylk=\"slk:la sant\u00e9 mentale;elm:context_link;itc:0;sec:content-canvas\"> la sant\u00e9 mentale<\/a> du chanteur et l&rsquo;inqui\u00e9tude \u00e9tait de mise. Il faut dire que, depuis l&rsquo;album Justice, sorti en 2021, son single \u00ab\u00a0Hones\u00a0\u00bb en duo avec Don Toliver en\u00a02022\u00a0ou quelques apparitions sur des projets d&rsquo;autres stars, les fans du chanteur de \u00ab\u00a0Sorry\u00a0\u00bb avaient trouv\u00e9 le temps long.<\/p>\n<p class=\"mb-4 text-lg md:leading-8 break-words\">Mais le flair de quelques-uns s&rsquo;est r\u00e9veill\u00e9 quand des images ont commenc\u00e9 \u00e0 circuler sur les r\u00e9seaux sociaux, nourrissant des commentaires sur une sortie prochaine d&rsquo;un nouveau projet. Ils avaient vu juste.<\/p>\n<p>SWAG<\/p>\n<p class=\"mb-4 text-lg md:leading-8 break-words\">Jeudi, des panneaux publicitaires avec simplement le mot \u00ab\u00a0 SWAG \u00a0\u00bb sont apparus sur Sunset Boulevard \u00e0 Los Angeles, Times Square \u00e0 New York ou encore \u00e0 Reykjav\u00edk, en Islande. Une ville o\u00f9, selonThe Hollywood Reporter, Justin Bieber se serait rendu fin avril pour r\u00e9aliser des sessions d&rsquo;enregistrement et finaliser son album.<\/p>\n<p class=\"mb-4 text-lg md:leading-8 break-words\">Il s&rsquo;agissait bien d&rsquo;une campagne de teasing pour l&rsquo;album Swag\u00a0(charisme\u00a0; avoir le \u00ab\u00a0swag\u00a0\u00bb, avoir le style, une expression qu&rsquo;a d\u00e9j\u00e0 utilis\u00e9e Justin Bieber dans une chanson). Puis, toujours sous la forme de grandes affiches, relay\u00e9es par Justin Bieber lui-m\u00eame avec de multiples photos sur les r\u00e9seaux sociaux, la pochette du disque et la liste des titres ont \u00e9t\u00e9 r\u00e9v\u00e9l\u00e9es.<\/p>\n<p class=\"mb-4 text-lg md:leading-8 break-words\">\u00c0 LIRE AUSSI <strong class=\"strong\"><a href=\"https:\/\/www.lepoint.fr\/people\/surprise-le-pape-leon-xiv-a-madonna-et-justin-bieber-pour-cousins-eloignes-17-06-2025-2592263_2116.php\" rel=\"nofollow noopener\" target=\"_blank\" data-ylk=\"slk:Surprise\u00a0! Le pape [...];elm:context_link;itc:0;sec:content-canvas\" class=\"link \">Surprise\u00a0! Le pape [&#8230;] <\/a><a href=\"https:\/\/www.lepoint.fr\/culture\/justin-bieber-surprend-tout-le-monde-avec-son-nouvel-album-swag-12-07-2025-2594204_3.php\" rel=\"nofollow noopener\" target=\"_blank\" data-ylk=\"slk:Lire la suite;elm:context_link;itc:0;sec:content-canvas\" class=\"link \">Lire la suite<\/a><\/strong><\/p>\n","protected":false},"excerpt":{"rendered":"Le septi\u00e8me album de Justin Bieber, Swag, est sorti cette nuit. Et c&rsquo;est une surprise totale. Hormis quelques&hellip;\n","protected":false},"author":2,"featured_media":246853,"comment_status":"","ping_status":"","sticky":false,"template":"","format":"standard","meta":{"footnotes":""},"categories":[1355],"tags":[58,59,1011,27,30716,7317,38646,1361,873,38645],"class_list":{"0":"post-246852","1":"post","2":"type-post","3":"status-publish","4":"format-standard","5":"has-post-thumbnail","7":"category-musique","8":"tag-divertissement","9":"tag-entertainment","10":"tag-fr","11":"tag-france","12":"tag-hollywood-reporter","13":"tag-justin-bieber","14":"tag-le-temps","15":"tag-music","16":"tag-musique","17":"tag-swag"},"share_on_mastodon":{"url":"https:\/\/pubeurope.com\/@fr\/114845228975385553","error":""},"_links":{"self":[{"href":"https:\/\/www.europesays.com\/fr\/wp-json\/wp\/v2\/posts\/246852","targetHints":{"allow":["GET"]}}],"collection":[{"href":"https:\/\/www.europesays.com\/fr\/wp-json\/wp\/v2\/posts"}],"about":[{"href":"https:\/\/www.europesays.com\/fr\/wp-json\/wp\/v2\/types\/post"}],"author":[{"embeddable":true,"href":"https:\/\/www.europesays.com\/fr\/wp-json\/wp\/v2\/users\/2"}],"replies":[{"embeddable":true,"href":"https:\/\/www.europesays.com\/fr\/wp-json\/wp\/v2\/comments?post=246852"}],"version-history":[{"count":0,"href":"https:\/\/www.europesays.com\/fr\/wp-json\/wp\/v2\/posts\/246852\/revisions"}],"wp:featuredmedia":[{"embeddable":true,"href":"https:\/\/www.europesays.com\/fr\/wp-json\/wp\/v2\/media\/246853"}],"wp:attachment":[{"href":"https:\/\/www.europesays.com\/fr\/wp-json\/wp\/v2\/media?parent=246852"}],"wp:term":[{"taxonomy":"category","embeddable":true,"href":"https:\/\/www.europesays.com\/fr\/wp-json\/wp\/v2\/categories?post=246852"},{"taxonomy":"post_tag","embeddable":true,"href":"https:\/\/www.europesays.com\/fr\/wp-json\/wp\/v2\/tags?post=246852"}],"curies":[{"name":"wp","href":"https:\/\/api.w.org\/{rel}","templated":true}]}}