{"id":246860,"date":"2025-07-13T09:34:11","date_gmt":"2025-07-13T09:34:11","guid":{"rendered":"https:\/\/www.europesays.com\/fr\/246860\/"},"modified":"2025-07-13T09:34:11","modified_gmt":"2025-07-13T09:34:11","slug":"claude-lelouch-a-ete-surpris-par-cette-question-cruelle-mais-belle-dans-les-rencontres-du-papotin","status":"publish","type":"post","link":"https:\/\/www.europesays.com\/fr\/246860\/","title":{"rendered":"Claude Lelouch a \u00e9t\u00e9 surpris par cette question \u00ab\u00a0cruelle mais belle\u00a0\u00bb dans \u00ab\u00a0Les rencontres du Papotin\u00a0\u00bb"},"content":{"rendered":"<p>        <img decoding=\"async\" loading=\"lazy\" src=\"https:\/\/www.europesays.com\/fr\/wp-content\/uploads\/2025\/07\/948bd5c_upload-1-0fkntf7bkm8q-screenshot-2025-07-13-09-36-45.png\"  width=\"728\" height=\"410\" alt=\"Claude Lelouch a \u00e9t\u00e9 surpris par cette question \u00ab\u00a0cruelle mais belle\u00a0\u00bb dans \u00ab\u00a0Les rencontres du Papotin\u00a0\u00bb sur France 2.\"\/>  <\/p>\n<p>Capture d\u2019\u00e9cran France 2\u00a0(Can\u2019t Stop Media production)<\/p>\n<p>Claude Lelouch a \u00e9t\u00e9 surpris par cette question \u00ab\u00a0cruelle mais belle\u00a0\u00bb dans \u00ab\u00a0Les rencontres du Papotin\u00a0\u00bb sur France 2.<\/p>\n<p class=\"asset asset-text\">CIN\u00c9MA &#8211; Une question difficile, mais une tr\u00e8s bonne question. Claude Lelouch \u00e9tait l\u2019invit\u00e9 des <a href=\"https:\/\/www.huffingtonpost.fr\/culture\/article\/les-rencontres-du-papotin-s-installent-a-cannes-pour-poser-des-questions-pas-comme-les-autres-aux-stars_248873.html\" target=\"_blank\" rel=\"noopener\">Rencontres du Papotin<\/a> le samedi 12\u00a0juillet sur France 2. Le r\u00e9alisateur des films <a href=\"https:\/\/www.huffingtonpost.fr\/culture\/article\/le-festival-de-cannes-aura-une-double-affiche-officielle-pour-son-edition-2025_249071.html\" target=\"_blank\" rel=\"noopener\">Un homme et une femme<\/a> (1966) et Les Uns et les Autres (1981) a r\u00e9pondu aux questions d\u2019un panel de journalistes atteints de troubles du spectre autistique, avec qui il a notamment parl\u00e9 de sa famille.<\/p>\n<p class=\"asset asset-text\">\u00ab\u00a0J\u2019ai sept enfants avec cinq mamans diff\u00e9rentes, a confi\u00e9 <a href=\"https:\/\/www.huffingtonpost.fr\/culture\/article\/claude-lelouch-s-excuse-apres-ses-propos-sexistes-sur-cnews-concernant-les-femmes-et-l-infidelite_242285.html\" target=\"_blank\" rel=\"noopener\">Claude Lelouch<\/a>, ils ont tous un pr\u00e9nom qui commence par un S parce que je voulais rendre hommage \u00e0 mon p\u00e8re qui s\u2019appelait Simon et qui \u00e9tait la personne que j\u2019admirais le plus au monde.\u00a0\u00bb Interrog\u00e9 sur le point de savoir si sept enfants ce n\u2019\u00e9tait pas \u00ab\u00a0trop\u00a0\u00bb, le r\u00e9alisateur a assur\u00e9 que non.<\/p>\n<p class=\"asset asset-text\">\u00ab\u00a0Ils sont venus gentiment dans ma vie, a-t-il racont\u00e9, \u00e0 chaque fois, ils sont arriv\u00e9s \u00e0 un moment o\u00f9 j\u2019en avais besoin. Et puis les enfants m\u2019ont permis de rester jeune.\u00a0\u00bb Mais les journalistes du Papotin n\u2019en sont pas rest\u00e9s l\u00e0\u00a0et ils ont pos\u00e9 une autre question, assez inattendue, \u00e0 Claude Lelouch.<\/p>\n<p>    \u00ab\u00a0\u00c0 chaque fois qu\u2019ils ont eu besoin de moi j\u2019\u00e9tais l\u00e0\u00a0\u00bb    <\/p>\n<p class=\"asset asset-text\">Prenant le micro, Julien a demand\u00e9 au r\u00e9alisateur\u00a0: \u00ab\u00a0\u00c0 un moment vous avez parl\u00e9 de vos films comme \u00e9tant vos enfants, [\u2026] dans votre vie vous diriez que vous vous \u00eates plus occup\u00e9s de vos enfants m\u00e9taphoriques, vos films, ou de vos v\u00e9ritables enfants\u00a0?\u00a0\u00bb \u00ab\u00a0C\u2019est une question cruelle, mais c\u2019est une belle question\u00a0\u00bb, a r\u00e9agi Claude Lelouch qui a r\u00e9alis\u00e9 plusieurs dizaines de films depuis la fin des ann\u00e9es 50.<\/p>\n<p class=\"asset asset-text\">\u00ab\u00a0C\u2019est vrai que je me suis peut-\u00eatre un peu trop occup\u00e9 de mes films et pas assez de mes enfants\u00a0\u00bb, a-t-il reconnu, expliquant avoir r\u00e9alis\u00e9 le film Salaud on t\u2019aime (2014) \u00ab\u00a0presque pour demander pardon \u00e0 [ses] enfants d\u2019avoir consacr\u00e9 plus de temps au cin\u00e9ma qu\u2019\u00e0 eux\u00a0\u00bb. Le long-m\u00e9trage avec <a href=\"https:\/\/www.huffingtonpost.fr\/jo-paris-2024\/article\/ceremonie-de-cloture-des-paralympiques-la-chanteuse-santa-reprend-vivre-pour-le-meilleur-de-johnny-hallyday_239346.html\" target=\"_blank\" rel=\"noopener\">Johnny Hallyday<\/a>, Eddy Mitchell et Sandrine Bonnaire raconte l\u2019histoire d\u2019un photographe de guerre \u00e0 la retraite et qui a \u00e9t\u00e9 un p\u00e8re plut\u00f4t absent.<\/p>\n<p class=\"asset asset-text\">S\u2019il reconna\u00eet qu\u2019il aurait pu consacrer plus de temps \u00e0 ses enfants, Claude Lelouch se consid\u00e8re malgr\u00e9 tout comme un p\u00e8re assez pr\u00e9sent. \u00ab\u00a0\u00c0 chaque fois qu\u2019ils ont eu besoin de moi j\u2019\u00e9tais l\u00e0\u00a0\u00bb, a-t-il assur\u00e9, expliquant que \u00ab\u00a0pour [ses] enfants\u00a0\u00bb il est \u00ab\u00a0le SAMU\u00a0\u00bb. \u00ab\u00a0Quand il y a un probl\u00e8me ils peuvent compter sur moi\u00a0\u00bb, a-t-il insist\u00e9, avant de conclure qu\u2019\u00e0 son \u00e2ge, il \u00ab\u00a0tourne un petit peu moins qu\u2019avant\u00a0\u00bb et donc s\u2019\u00ab\u00a0occuper un peu plus d\u2019eux\u00a0\u00bb.<\/p>\n","protected":false},"excerpt":{"rendered":"Capture d\u2019\u00e9cran France 2\u00a0(Can\u2019t Stop Media production) Claude Lelouch a \u00e9t\u00e9 surpris par cette question \u00ab\u00a0cruelle mais belle\u00a0\u00bb&hellip;\n","protected":false},"author":2,"featured_media":246861,"comment_status":"","ping_status":"","sticky":false,"template":"","format":"standard","meta":{"footnotes":""},"categories":[8],"tags":[650,6943,251,58,59,1011,27,594,252],"class_list":{"0":"post-246860","1":"post","2":"type-post","3":"status-publish","4":"format-standard","5":"has-post-thumbnail","7":"category-divertissement","8":"tag-cinema","9":"tag-claude-lelouch","10":"tag-culture","11":"tag-divertissement","12":"tag-entertainment","13":"tag-fr","14":"tag-france","15":"tag-france-2","16":"tag-television"},"share_on_mastodon":{"url":"https:\/\/pubeurope.com\/@fr\/114845244848803220","error":""},"_links":{"self":[{"href":"https:\/\/www.europesays.com\/fr\/wp-json\/wp\/v2\/posts\/246860","targetHints":{"allow":["GET"]}}],"collection":[{"href":"https:\/\/www.europesays.com\/fr\/wp-json\/wp\/v2\/posts"}],"about":[{"href":"https:\/\/www.europesays.com\/fr\/wp-json\/wp\/v2\/types\/post"}],"author":[{"embeddable":true,"href":"https:\/\/www.europesays.com\/fr\/wp-json\/wp\/v2\/users\/2"}],"replies":[{"embeddable":true,"href":"https:\/\/www.europesays.com\/fr\/wp-json\/wp\/v2\/comments?post=246860"}],"version-history":[{"count":0,"href":"https:\/\/www.europesays.com\/fr\/wp-json\/wp\/v2\/posts\/246860\/revisions"}],"wp:featuredmedia":[{"embeddable":true,"href":"https:\/\/www.europesays.com\/fr\/wp-json\/wp\/v2\/media\/246861"}],"wp:attachment":[{"href":"https:\/\/www.europesays.com\/fr\/wp-json\/wp\/v2\/media?parent=246860"}],"wp:term":[{"taxonomy":"category","embeddable":true,"href":"https:\/\/www.europesays.com\/fr\/wp-json\/wp\/v2\/categories?post=246860"},{"taxonomy":"post_tag","embeddable":true,"href":"https:\/\/www.europesays.com\/fr\/wp-json\/wp\/v2\/tags?post=246860"}],"curies":[{"name":"wp","href":"https:\/\/api.w.org\/{rel}","templated":true}]}}