{"id":246862,"date":"2025-07-13T09:35:12","date_gmt":"2025-07-13T09:35:12","guid":{"rendered":"https:\/\/www.europesays.com\/fr\/246862\/"},"modified":"2025-07-13T09:35:12","modified_gmt":"2025-07-13T09:35:12","slug":"une-ia-redige-des-publications-scientifiques-en-masse-et-personne-ne-sen-rend-compte","status":"publish","type":"post","link":"https:\/\/www.europesays.com\/fr\/246862\/","title":{"rendered":"Une IA r\u00e9dige des publications scientifiques en masse\u2026 et personne ne s\u2019en rend compte"},"content":{"rendered":"<p><img fetchpriority=\"high\" decoding=\"async\" width=\"1024\" height=\"559\" src=\"https:\/\/www.europesays.com\/fr\/wp-content\/uploads\/2025\/07\/scientifique-chat-gpt-1024x559.webp.webp\" alt=\"Scientifique en blouse blanche dans un laboratoire moderne, travaillant devant plusieurs \u00e9crans affichant des publications scientifiques g\u00e9n\u00e9r\u00e9es automatiquement\" class=\"wp-image-982753\"  \/>Dans ce labo, l\u2019IA r\u00e9dige les articles. Le chercheur, lui, supervise\u2026 sans toujours s\u2019en rendre compte.<\/p>\n<p>En ce d\u00e9but juillet 2025, une \u00e9tude de 2024 a fait grand bruit : selon ses auteurs, un article biom\u00e9dical sur huit aurait des traces d\u2019<strong>intelligence artificielle<\/strong>. Des mots sp\u00e9cifiques, un style trop lisse, une tournure qui semble\u2026 artificielle. Oui, l\u2019IA s\u2019infiltre discr\u00e8tement dans les laboratoires, jusqu\u2019\u00e0 signer, en douce, une part croissante de la recherche mondiale. <strong>Autrement dit,<\/strong> le plus inqui\u00e9tant, c\u2019est que personne ne s\u2019en rend compte.<\/p>\n<p>Comment rep\u00e9rer les textes scientifiques r\u00e9dig\u00e9s (en partie) par une IA ?<\/p>\n<p>C\u2019est un chiffre qui donne le vertige : <strong>13,5 % des r\u00e9sum\u00e9s publi\u00e9s sur PubMed en 2024<\/strong> porteraient la marque d\u2019un outil comme <strong>ChatGPT<\/strong>. Cette estimation, on la doit \u00e0 une \u00e9quipe de chercheurs de <strong>Northwestern University<\/strong> et de <strong>l\u2019Institut Hertie<\/strong> pour l\u2019IA appliqu\u00e9e \u00e0 la sant\u00e9. Leur m\u00e9thode ? Une v\u00e9ritable chasse aux mots : \u00ab\u00a0delve\u00a0\u00bb, \u00ab\u00a0underscores\u00a0\u00bb, \u00ab\u00a0showcasing\u00a0\u00bb\u2026 Autant de termes autrefois rares, d\u00e9sormais omnipr\u00e9sents dans les abstracts biom\u00e9dicaux.<\/p>\n<p>Lire aussi <a href=\"https:\/\/dailygeekshow.com\/rien-ne-va-plus-pour-musk-tesla-devisse-xai-derape-et-leffondrement-saccelere\/\" rel=\"nofollow noopener\" target=\"_blank\">Rien ne va plus pour Musk : Tesla d\u00e9visse, xAI d\u00e9rape, et l\u2019effondrement s\u2019acc\u00e9l\u00e8re<\/a><\/p>\n<p><strong>En d\u2019autres termes,<\/strong> ces indices stylistiques suffisent \u00e0 \u00e9veiller les soup\u00e7ons.<\/p>\n<p>S\u2019agit-il d\u2019une preuve irr\u00e9futable ? Pas vraiment. <strong>Stuart Geiger<\/strong>, professeur \u00e0 <strong>l\u2019universit\u00e9 de Californie \u00e0 San Diego<\/strong>, le rappelle : la langue \u00e9volue naturellement, et ces mots peuvent simplement refl\u00e9ter une tendance stylistique. <strong>Cependant,<\/strong> quand la tendance en question suit \u00e0 la lettre les tics de langage d\u2019un chatbot, le doute s\u2019installe.<\/p>\n<p>Et ce doute est redoutable. <strong>En effet,<\/strong> ce qu\u2019il \u00e9branle, ce n\u2019est pas seulement la forme. C\u2019est la confiance m\u00eame dans la science.<\/p>\n<p>Lire aussi <a href=\"https:\/\/dailygeekshow.com\/chatgpt-vous-aide-nvidia-flambe-a-4000-milliards-pendant-que-vos-neurones-seteignent-en-silence\/\" rel=\"nofollow noopener\" target=\"_blank\">ChatGPT vous aide, Nvidia flambe \u00e0 4 000 milliards pendant que vos neurones s\u2019\u00e9teignent en silence selon une \u00e9tude du MIT<\/a><\/p>\n<p>Quand la confiance vacille : l\u2019IA est-elle un outil ou un imposteur ?<\/p>\n<p>Ce n\u2019est pas la premi\u00e8re fois que l\u2019IA met \u00e0 l\u2019\u00e9preuve nos rep\u00e8res. <strong>Mais cette fois,<\/strong> ce qui change, ici, c\u2019est son pouvoir de mim\u00e9tisme. Elle ne se contente plus d\u2019aider : elle remplace, parfois sans qu\u2019on sache exactement \u00e0 quel moment la machine a pris le relais de l\u2019humain.<\/p>\n<p><strong>Kathleen Perley<\/strong>, de <strong>l\u2019universit\u00e9 Rice<\/strong>, d\u00e9fend pourtant un usage \u00e9thique de l\u2019IA : faciliter l\u2019acc\u00e8s \u00e0 la publication pour les chercheurs non-anglophones ou neuroatypiques, aider \u00e0 franchir la barri\u00e8re de la langue, rendre visible l\u2019invisible. <strong>D\u00e8s lors,<\/strong> pourquoi p\u00e9naliser ceux qui utilisent un outil pour mieux transmettre leurs id\u00e9es ?<\/p>\n<p>Mais la fronti\u00e8re entre assistance et substitution reste floue. <strong>Par ailleurs,<\/strong> les outils cens\u00e9s d\u00e9tecter les textes g\u00e9n\u00e9r\u00e9s par IA sont eux-m\u00eames peu fiables. <strong>ZeroGPT<\/strong> croit reconna\u00eetre 97 % de g\u00e9n\u00e9ration IA dans la D\u00e9claration d\u2019ind\u00e9pendance des \u00c9tats-Unis. <strong>GPTZero<\/strong>, lui, parle de 10 %. Qui croire ?<\/p>\n<p>Lire aussi <a href=\"https:\/\/dailygeekshow.com\/intelligence-artificielle-menace\/\" rel=\"nofollow noopener\" target=\"_blank\">L\u2019IA commence \u00e0 menacer des utilisateurs, un ph\u00e9nom\u00e8ne qui suscite l\u2019inqui\u00e9tude<\/a><\/p>\n<p>La vraie question est peut-\u00eatre l\u00e0 : si m\u00eame les experts ne savent plus distinguer un chercheur d\u2019un chatbot\u2026 <strong>autrement dit<\/strong>, que reste-t-il de la rigueur scientifique ?<\/p>\n<p>Une science toujours rigoureuse\u2026 mais de moins en moins humaine ?<\/p>\n<p>En apparence, rien n\u2019a chang\u00e9. Les articles continuent d\u2019affluer, les laboratoires publient, les revues \u00e9valuent. <strong>Pourtant,<\/strong> en coulisses, l\u2019<strong>intelligence artificielle<\/strong> agit comme un auteur fant\u00f4me. Elle n\u2019est pas encore pr\u00eate \u00e0 penser \u00e0 notre place, mais elle sait d\u00e9j\u00e0 tr\u00e8s bien \u00e9crire \u00e0 notre fa\u00e7on.<\/p>\n<p>Et \u00e7a, c\u2019est un basculement silencieux. Une mue invisible. Une crise existentielle qui couve : <strong>en d\u00e9finitive<\/strong>, la science peut-elle rester humaine quand ses mots ne le sont plus ?<\/p>\n<p>Lire aussi <a href=\"https:\/\/dailygeekshow.com\/intelligence-artificielle-la-verite-derangeante-sur-lapprentissage-humain-revelee-par-le-mit\/\" rel=\"nofollow noopener\" target=\"_blank\">Intelligence artificielle : la v\u00e9rit\u00e9 d\u00e9rangeante sur l\u2019apprentissage humain r\u00e9v\u00e9l\u00e9e par le MIT<\/a><\/p>\n","protected":false},"excerpt":{"rendered":"Dans ce labo, l\u2019IA r\u00e9dige les articles. Le chercheur, lui, supervise\u2026 sans toujours s\u2019en rendre compte. En ce&hellip;\n","protected":false},"author":2,"featured_media":246863,"comment_status":"","ping_status":"","sticky":false,"template":"","format":"standard","meta":{"footnotes":""},"categories":[7],"tags":[1011,27,38647,38648,43,40,41,39,42,44],"class_list":{"0":"post-246862","1":"post","2":"type-post","3":"status-publish","4":"format-standard","5":"has-post-thumbnail","7":"category-sciences-et-technologies","8":"tag-fr","9":"tag-france","10":"tag-intelligencer-artificielle","11":"tag-robot-humanoides","12":"tag-science","13":"tag-science-and-technology","14":"tag-sciences","15":"tag-sciences-et-technologies","16":"tag-technologies","17":"tag-technology"},"share_on_mastodon":{"url":"https:\/\/pubeurope.com\/@fr\/114845249098686512","error":""},"_links":{"self":[{"href":"https:\/\/www.europesays.com\/fr\/wp-json\/wp\/v2\/posts\/246862","targetHints":{"allow":["GET"]}}],"collection":[{"href":"https:\/\/www.europesays.com\/fr\/wp-json\/wp\/v2\/posts"}],"about":[{"href":"https:\/\/www.europesays.com\/fr\/wp-json\/wp\/v2\/types\/post"}],"author":[{"embeddable":true,"href":"https:\/\/www.europesays.com\/fr\/wp-json\/wp\/v2\/users\/2"}],"replies":[{"embeddable":true,"href":"https:\/\/www.europesays.com\/fr\/wp-json\/wp\/v2\/comments?post=246862"}],"version-history":[{"count":0,"href":"https:\/\/www.europesays.com\/fr\/wp-json\/wp\/v2\/posts\/246862\/revisions"}],"wp:featuredmedia":[{"embeddable":true,"href":"https:\/\/www.europesays.com\/fr\/wp-json\/wp\/v2\/media\/246863"}],"wp:attachment":[{"href":"https:\/\/www.europesays.com\/fr\/wp-json\/wp\/v2\/media?parent=246862"}],"wp:term":[{"taxonomy":"category","embeddable":true,"href":"https:\/\/www.europesays.com\/fr\/wp-json\/wp\/v2\/categories?post=246862"},{"taxonomy":"post_tag","embeddable":true,"href":"https:\/\/www.europesays.com\/fr\/wp-json\/wp\/v2\/tags?post=246862"}],"curies":[{"name":"wp","href":"https:\/\/api.w.org\/{rel}","templated":true}]}}