{"id":246869,"date":"2025-07-13T09:38:09","date_gmt":"2025-07-13T09:38:09","guid":{"rendered":"https:\/\/www.europesays.com\/fr\/246869\/"},"modified":"2025-07-13T09:38:09","modified_gmt":"2025-07-13T09:38:09","slug":"mort-dun-militaire-hors-service-a-clermont-ferrand-un-suspect-en-recidive-poursuivi-pour-meurtre","status":"publish","type":"post","link":"https:\/\/www.europesays.com\/fr\/246869\/","title":{"rendered":"Mort d\u2019un militaire hors-service \u00e0 Clermont-Ferrand\u00a0: un suspect, en r\u00e9cidive, poursuivi pour meurtre"},"content":{"rendered":"<p class=\"paragraph text_align_left lp-f-body-02\">\u00c2g\u00e9 d\u2019une vingtaine d\u2019ann\u00e9es, le suspect avait \u00e9t\u00e9 interpell\u00e9 peu apr\u00e8s les faits. Un homme soup\u00e7onn\u00e9 d\u2019avoir <a href=\"https:\/\/www.leparisien.fr\/faits-divers\/clermont-ferrand-deux-militaires-agresses-a-larme-blanche-en-centre-ville-une-personne-en-garde-a-vue-11-07-2025-TFB3TA3KGZBB3CSPCSTSEEL3PU.php\" target=\"_blank\" rel=\"noreferrer noopener\">poignard\u00e9 mortellement vendredi un militaire hors-service<\/a> et bless\u00e9 son coll\u00e8gue lors d\u2019une rixe \u00e0 Clermont-Ferrand, a \u00e9t\u00e9 samedi mis en examen pour meurtre et tentative de meurtre puis \u00e9crou\u00e9, a-t-on appris dimanche aupr\u00e8s du parquet.<\/p>\n<p class=\"paragraph text_align_left lp-f-body-02\">Il avait \u00e9t\u00e9 arr\u00eat\u00e9 avec un autre homme du m\u00eame \u00e2ge qui a \u00e9t\u00e9 mis en examen pour \u00ab violences aggrav\u00e9es \u00bb. Les deux hommes ont \u00e9t\u00e9 plac\u00e9s en d\u00e9tention provisoire, selon la m\u00eame source \u00e0 l\u2019AFP.<\/p>\n<p class=\"paragraph text_align_left lp-f-body-02\">D\u00e9j\u00e0 condamn\u00e9 en 2021 \u00e0 Moulins alors qu\u2019il \u00e9tait mineur pour \u00ab violences en r\u00e9union ayant entra\u00een\u00e9 la mort sans intention de la donner \u00bb, l\u2019homme soup\u00e7onn\u00e9 d\u2019avoir port\u00e9 les coups de couteau encourt la r\u00e9clusion criminelle \u00e0 perp\u00e9tuit\u00e9 \u00ab du fait de sa r\u00e9cidive \u00bb, a encore pr\u00e9cis\u00e9 le parquet.<\/p>\n<p>\u00ab Vive \u00e9motion \u00bb<\/p>\n<p class=\"paragraph text_align_left lp-f-body-02\">La rixe sur fond d\u2019alcool s\u2019\u00e9tait d\u00e9roul\u00e9e dans la nuit de jeudi \u00e0 vendredi \u00e0 la sortie d\u2019une discoth\u00e8que avant de \u00ab d\u00e9g\u00e9n\u00e9rer \u00bb, selon la m\u00eame source \u00e0 l\u2019AFP.<\/p>\n<p class=\"paragraph text_align_left lp-f-body-02\">Les victimes, touch\u00e9es au ventre, avaient \u00e9t\u00e9 aussit\u00f4t prises en charge avec un pronostic vital engag\u00e9 pour <a href=\"https:\/\/www.leparisien.fr\/faits-divers\/le-militaire-agresse-a-larme-blanche-a-clermont-ferrand-est-mort-12-07-2025-QM2PTNJS55GR3GQ7X6ZIZ4EN3Y.php\" target=\"_blank\" rel=\"noreferrer noopener\">le militaire de 27 ans d\u00e9c\u00e9d\u00e9 vendredi soir<\/a> des suites de ses blessures. Son coll\u00e8gue, \u00e2g\u00e9 de 23 ans, est toujours hospitalis\u00e9 mais ses jours ne sont pas en danger.<\/p>\n<blockquote class=\"twitter-tweet\">\n<p lang=\"fr\" dir=\"ltr\">Deux militaires du 92e r\u00e9giment d\u2019infanterie de Clermont-Ferrand ont \u00e9t\u00e9 gri\u00e8vement bless\u00e9s hors service, pris \u00e0 partie lors d\u2019une rixe dans la nuit de jeudi \u00e0 vendredi.<\/p>\n<p>Vive \u00e9motion en apprenant que l\u2019un d\u2019entre eux est d\u00e9c\u00e9d\u00e9. Le second, toujours en r\u00e9animation, est stable.\u2026<\/p>\n<p>\u2014 S\u00e9bastien Lecornu (@SebLecornu) <a href=\"https:\/\/twitter.com\/SebLecornu\/status\/1943982730116571460?ref_src=twsrc%5Etfw\" target=\"_blank\" rel=\"noopener\">July 12, 2025<\/a><\/p><\/blockquote>\n<p class=\"paragraph text_align_left lp-f-body-02\">Le ministre des Arm\u00e9es S\u00e9bastien Lecornu avait fait part de sa \u00ab vive \u00e9motion \u00bb samedi sur X, apr\u00e8s le d\u00e9c\u00e8s du caporal-chef K\u00e9vin Amodru, qui appartenait au 92e r\u00e9giment d\u2019infanterie de Clermont-Ferrand, en pr\u00e9sentant ses condol\u00e9ances aux proches et aux \u00ab fr\u00e8res d\u2019armes \u00bb du disparu.<\/p>\n<p><script async src=\"https:\/\/platform.twitter.com\/widgets.js\" charset=\"utf-8\"><\/script><\/p>\n","protected":false},"excerpt":{"rendered":"\u00c2g\u00e9 d\u2019une vingtaine d\u2019ann\u00e9es, le suspect avait \u00e9t\u00e9 interpell\u00e9 peu apr\u00e8s les faits. Un homme soup\u00e7onn\u00e9 d\u2019avoir poignard\u00e9&hellip;\n","protected":false},"author":2,"featured_media":246870,"comment_status":"","ping_status":"","sticky":false,"template":"","format":"standard","meta":{"footnotes":""},"categories":[4],"tags":[11,459,118,1011,27,12,6875,25],"class_list":{"0":"post-246869","1":"post","2":"type-post","3":"status-publish","4":"format-standard","5":"has-post-thumbnail","7":"category-france","8":"tag-actualites","9":"tag-departements-horsidfo","10":"tag-faits-divers","11":"tag-fr","12":"tag-france","13":"tag-news","14":"tag-puy-de-dome-63","15":"tag-republique-francaise"},"share_on_mastodon":{"url":"https:\/\/pubeurope.com\/@fr\/114845260444432233","error":""},"_links":{"self":[{"href":"https:\/\/www.europesays.com\/fr\/wp-json\/wp\/v2\/posts\/246869","targetHints":{"allow":["GET"]}}],"collection":[{"href":"https:\/\/www.europesays.com\/fr\/wp-json\/wp\/v2\/posts"}],"about":[{"href":"https:\/\/www.europesays.com\/fr\/wp-json\/wp\/v2\/types\/post"}],"author":[{"embeddable":true,"href":"https:\/\/www.europesays.com\/fr\/wp-json\/wp\/v2\/users\/2"}],"replies":[{"embeddable":true,"href":"https:\/\/www.europesays.com\/fr\/wp-json\/wp\/v2\/comments?post=246869"}],"version-history":[{"count":0,"href":"https:\/\/www.europesays.com\/fr\/wp-json\/wp\/v2\/posts\/246869\/revisions"}],"wp:featuredmedia":[{"embeddable":true,"href":"https:\/\/www.europesays.com\/fr\/wp-json\/wp\/v2\/media\/246870"}],"wp:attachment":[{"href":"https:\/\/www.europesays.com\/fr\/wp-json\/wp\/v2\/media?parent=246869"}],"wp:term":[{"taxonomy":"category","embeddable":true,"href":"https:\/\/www.europesays.com\/fr\/wp-json\/wp\/v2\/categories?post=246869"},{"taxonomy":"post_tag","embeddable":true,"href":"https:\/\/www.europesays.com\/fr\/wp-json\/wp\/v2\/tags?post=246869"}],"curies":[{"name":"wp","href":"https:\/\/api.w.org\/{rel}","templated":true}]}}