{"id":24687,"date":"2025-04-14T16:33:12","date_gmt":"2025-04-14T16:33:12","guid":{"rendered":"https:\/\/www.europesays.com\/fr\/24687\/"},"modified":"2025-04-14T16:33:12","modified_gmt":"2025-04-14T16:33:12","slug":"ol-jorge-maciel-met-en-garde-les-gones-avant-manchester-united","status":"publish","type":"post","link":"https:\/\/www.europesays.com\/fr\/24687\/","title":{"rendered":"OL : Jorge Maciel met en garde les Gones avant Manchester United"},"content":{"rendered":"<p data-testid=\"article-teaser\">Ma\u00eetrise, intensit\u00e9, lucidit\u00e9 : l\u2019OL impressionne face \u00e0 Auxerre\u2026 mais Maciel rappelle l\u2019essentiel avant le choc europ\u00e9en contre Manchester.<\/p>\n<p>Face \u00e0 une \u00e9quipe d\u2019Auxerre difficile \u00e0 man\u0153uvrer sur ses terres, <a href=\"https:\/\/www.goal.com\/fr\/listes\/lyon-deroule-face-a-auxerre-et-fait-un-bond-au-classement-1-3\/blta80c8ed5f059172a\" target=\"_self\" rel=\"noopener\">l\u2019Olympique Lyonnais a livr\u00e9 une prestation solide et appliqu\u00e9e. Une victoire ma\u00eetris\u00e9e (1-3)<\/a> qui t\u00e9moigne de l\u2019\u00e9volution de cette \u00e9quipe sous la houlette de Paulo Fonseca, et que son adjoint Jorge Maciel, une nouvelle fois aux commandes, souhaite voir perdurer \u00e0 l\u2019approche d\u2019un rendez-vous crucial : le quart de finale retour de Ligue Europa face \u00e0 Manchester United.<\/p>\n<p>L&rsquo;article continue ci-dessous<\/p>\n","protected":false},"excerpt":{"rendered":"Ma\u00eetrise, intensit\u00e9, lucidit\u00e9 : l\u2019OL impressionne face \u00e0 Auxerre\u2026 mais Maciel rappelle l\u2019essentiel avant le choc europ\u00e9en contre&hellip;\n","protected":false},"author":2,"featured_media":24688,"comment_status":"","ping_status":"","sticky":false,"template":"","format":"standard","meta":{"footnotes":""},"categories":[1889],"tags":[1111,11,2430,1777,674,1011,27,8897,66,5843,2428,3225,8898,12,3811,25],"class_list":{"0":"post-24687","1":"post","2":"type-post","3":"status-publish","4":"format-standard","5":"has-post-thumbnail","7":"category-lyon","8":"tag-actu","9":"tag-actualites","10":"tag-auvergne-rhone-alpes","11":"tag-eu","12":"tag-europe","13":"tag-fr","14":"tag-france","15":"tag-j-maciel","16":"tag-ligue-1","17":"tag-ligue-europa","18":"tag-lyon","19":"tag-manchester-united","20":"tag-manchester-united-vs-lyon","21":"tag-news","22":"tag-p-fonseca","23":"tag-republique-francaise"},"share_on_mastodon":{"url":"https:\/\/pubeurope.com\/@fr\/114337284342992521","error":""},"_links":{"self":[{"href":"https:\/\/www.europesays.com\/fr\/wp-json\/wp\/v2\/posts\/24687","targetHints":{"allow":["GET"]}}],"collection":[{"href":"https:\/\/www.europesays.com\/fr\/wp-json\/wp\/v2\/posts"}],"about":[{"href":"https:\/\/www.europesays.com\/fr\/wp-json\/wp\/v2\/types\/post"}],"author":[{"embeddable":true,"href":"https:\/\/www.europesays.com\/fr\/wp-json\/wp\/v2\/users\/2"}],"replies":[{"embeddable":true,"href":"https:\/\/www.europesays.com\/fr\/wp-json\/wp\/v2\/comments?post=24687"}],"version-history":[{"count":0,"href":"https:\/\/www.europesays.com\/fr\/wp-json\/wp\/v2\/posts\/24687\/revisions"}],"wp:featuredmedia":[{"embeddable":true,"href":"https:\/\/www.europesays.com\/fr\/wp-json\/wp\/v2\/media\/24688"}],"wp:attachment":[{"href":"https:\/\/www.europesays.com\/fr\/wp-json\/wp\/v2\/media?parent=24687"}],"wp:term":[{"taxonomy":"category","embeddable":true,"href":"https:\/\/www.europesays.com\/fr\/wp-json\/wp\/v2\/categories?post=24687"},{"taxonomy":"post_tag","embeddable":true,"href":"https:\/\/www.europesays.com\/fr\/wp-json\/wp\/v2\/tags?post=24687"}],"curies":[{"name":"wp","href":"https:\/\/api.w.org\/{rel}","templated":true}]}}